{"id":29096,"date":"2014-05-16T13:01:21","date_gmt":"2014-05-16T16:01:21","guid":{"rendered":"http:\/\/aconteceunovale.com.br\/portal\/?p=29096"},"modified":"2014-05-16T13:01:21","modified_gmt":"2014-05-16T16:01:21","slug":"governador-visita-sao-joao-evangelista-neste-sabado","status":"publish","type":"post","link":"https:\/\/aconteceunovale.com.br\/portal\/?p=29096","title":{"rendered":"Governador visita S\u00e3o Jo\u00e3o Evangelista neste s\u00e1bado"},"content":{"rendered":"<h4><strong>Alberto Pinto Coelho ser\u00e1 homenageado pela C\u00e2mara de Vereadores, pelos servi\u00e7os prestados ao munic\u00edpio<\/strong><\/h4>\n<p>O governador Alberto Pinto Coelho visita, neste s\u00e1bado (17\/05), a cidade de S\u00e3o Jo\u00e3o Evangelista, no Vale do Rio Doce. Ele ser\u00e1 homenageado pela C\u00e2mara de Vereadores, pelos servi\u00e7os prestados ao munic\u00edpio.<\/p>\n<p>Evento: Visita a S\u00e3o Jo\u00e3o Evangelista<\/p>\n<p>Local: C\u00e2mara Municipal<\/p>\n<p>Hor\u00e1rio: 12h30<\/p>\n<p>Data: 17\/05\/2014 &#8211; S\u00e1bado <\/p>\n<p><img decoding=\"async\" src=\"http:\/\/aconteceunovale.com.br\/portal\/wp-content\/uploads\/2014\/04\/alberto_pinto_coelho_05_04.jpg\" alt=\"\" \/><em>(Foto: Divulga\u00e7\u00e3o)<\/em><\/p>\n","protected":false},"excerpt":{"rendered":"<p>Alberto Pinto Coelho ser\u00e1 homenageado pela C\u00e2mara de Vereadores, pelos servi\u00e7os prestados ao munic\u00edpio O governador Alberto Pinto Coelho visita, neste s\u00e1bado (17\/05), a cidade de S\u00e3o Jo\u00e3o Evangelista, no Vale do Rio Doce. Ele ser\u00e1 homenageado pela C\u00e2mara de Vereadores, pelos servi\u00e7os prestados ao munic\u00edpio. Evento: Visita a S\u00e3o Jo\u00e3o Evangelista Local: C\u00e2mara Municipal [&hellip;]<\/p>\n","protected":false},"author":1,"featured_media":25843,"comment_status":"open","ping_status":"closed","sticky":false,"template":"","format":"standard","meta":{"amp_status":"","footnotes":""},"categories":[125],"tags":[7579,162],"class_list":["post-29096","post","type-post","status-publish","format-standard","has-post-thumbnail","hentry","category-noticias","tag-governador-visita-sao-joao-evangelista-neste-sabado","tag-sao-joao-evangelista"],"_links":{"self":[{"href":"https:\/\/aconteceunovale.com.br\/portal\/index.php?rest_route=\/wp\/v2\/posts\/29096","targetHints":{"allow":["GET"]}}],"collection":[{"href":"https:\/\/aconteceunovale.com.br\/portal\/index.php?rest_route=\/wp\/v2\/posts"}],"about":[{"href":"https:\/\/aconteceunovale.com.br\/portal\/index.php?rest_route=\/wp\/v2\/types\/post"}],"author":[{"embeddable":true,"href":"https:\/\/aconteceunovale.com.br\/portal\/index.php?rest_route=\/wp\/v2\/users\/1"}],"replies":[{"embeddable":true,"href":"https:\/\/aconteceunovale.com.br\/portal\/index.php?rest_route=%2Fwp%2Fv2%2Fcomments&post=29096"}],"version-history":[{"count":0,"href":"https:\/\/aconteceunovale.com.br\/portal\/index.php?rest_route=\/wp\/v2\/posts\/29096\/revisions"}],"wp:featuredmedia":[{"embeddable":true,"href":"https:\/\/aconteceunovale.com.br\/portal\/index.php?rest_route=\/wp\/v2\/media\/25843"}],"wp:attachment":[{"href":"https:\/\/aconteceunovale.com.br\/portal\/index.php?rest_route=%2Fwp%2Fv2%2Fmedia&parent=29096"}],"wp:term":[{"taxonomy":"category","embeddable":true,"href":"https:\/\/aconteceunovale.com.br\/portal\/index.php?rest_route=%2Fwp%2Fv2%2Fcategories&post=29096"},{"taxonomy":"post_tag","embeddable":true,"href":"https:\/\/aconteceunovale.com.br\/portal\/index.php?rest_route=%2Fwp%2Fv2%2Ftags&post=29096"}],"curies":[{"name":"wp","href":"https:\/\/api.w.org\/{rel}","templated":true}]}}