{"id":29053,"date":"2014-05-15T23:20:37","date_gmt":"2014-05-16T02:20:37","guid":{"rendered":"http:\/\/aconteceunovale.com.br\/portal\/?p=29053"},"modified":"2014-05-15T23:20:37","modified_gmt":"2014-05-16T02:20:37","slug":"professores-da-rede-estadual-decidem-entrar-em-greve-a-partir-do-dia-21-de-maio","status":"publish","type":"post","link":"https:\/\/aconteceunovale.com.br\/portal\/?p=29053","title":{"rendered":"Professores da rede estadual decidem entrar em greve a partir do dia 21 de maio"},"content":{"rendered":"<p>Em assembleia na tarde desta quinta-feira (15), os professores da rede estadual de educa\u00e7\u00e3o decidiram entrar em greve por tempo indeterminado a partir do dia 21 de maio.<\/p>\n<p>Cerca de 300 educadores participam de uma reuni\u00e3o na pra\u00e7a da Assembleia Legislativa de Minas Gerais (ALMG), no bairro Santo Agostinho, regi\u00e3o Centro-Sul de Belo Horizonte.<\/p>\n<p>Ao final do ato, parte da categoria seguir\u00e1 em passeata at\u00e9 a Pra\u00e7a Raul Soares, no Barro Preto, onde acontecer\u00e1 um protesto internacional contra a Copa do Mundo. <\/p>\n<p>Outra parte seguir\u00e1 at\u00e9 o Minist\u00e9rio Publico Federal (MPF) para protocolar uma a\u00e7\u00e3o de improbidade administrativa conta os ex-governadores Antonio Anastasia e Aecio Neves, ambos do PSDB.<\/p>\n<p>Segundo a presidente do Sindicato \u00danico dos Trabalhadores em Educa\u00e7\u00e3o de Minas Gerais (SindUTE\/MG), Beatriz Cerqueira, os pol\u00edticos foram irrespons\u00e1veis ao implantar no Estado a Lei 100\/07, que efetivou mais de 90 mil servidores sem concurso publico. Entretanto, em mar\u00e7o, a lei foi considerada inconstitucional pelo Supremo Tribunal Federal (STF).<\/p>\n<h4><strong>Reivindica\u00e7\u00f5es<\/strong><\/h4>\n<p>Segundo Beatriz Cerqueira, a pauta de reivindica\u00e7\u00f5es dos educadores foi entregue ao governo em 31 de janeiro, mas at\u00e9 agora nenhuma reuni\u00e3o de negocia\u00e7\u00e3o foi marcada.<\/p>\n<p>A categoria reinvindica o pagamento do Piso Salarial Nacional no Estado, o descongelamento da carreira e a institui\u00e7\u00e3o de uma mesa de negocia\u00e7\u00e3o para discutir a situa\u00e7\u00e3o dos servidores afetados pela Lei 100.<\/p>\n<p>No dia 28 de maio, os professores se reunir\u00e3o novamente em assembleia para avaliar o movimento grevista.<\/p>\n<p><img decoding=\"async\" src=\"http:\/\/aconteceunovale.com.br\/portal\/wp-content\/uploads\/2014\/05\/greve_rede_estadual_15_05.jpg\" alt=\"\" \/><\/p>\n<p><strong>(Foto e informa\u00e7\u00f5es do Jornal Hoje em Dia)<\/strong><\/p>\n","protected":false},"excerpt":{"rendered":"<p>Em assembleia na tarde desta quinta-feira (15), os professores da rede estadual de educa\u00e7\u00e3o decidiram entrar em greve por tempo indeterminado a partir do dia 21 de maio. Cerca de 300 educadores participam de uma reuni\u00e3o na pra\u00e7a da Assembleia Legislativa de Minas Gerais (ALMG), no bairro Santo Agostinho, regi\u00e3o Centro-Sul de Belo Horizonte. Ao [&hellip;]<\/p>\n","protected":false},"author":1,"featured_media":29054,"comment_status":"open","ping_status":"closed","sticky":false,"template":"","format":"standard","meta":{"amp_status":"","footnotes":""},"categories":[123],"tags":[1018,7561,7560],"class_list":["post-29053","post","type-post","status-publish","format-standard","has-post-thumbnail","hentry","category-gerais","tag-destaque","tag-greve-dos-professores-da-rede-estadual","tag-professores-da-rede-estadual-decidem-entrar-em-greve-a-partir-do-dia-21-de-maio"],"_links":{"self":[{"href":"https:\/\/aconteceunovale.com.br\/portal\/index.php?rest_route=\/wp\/v2\/posts\/29053","targetHints":{"allow":["GET"]}}],"collection":[{"href":"https:\/\/aconteceunovale.com.br\/portal\/index.php?rest_route=\/wp\/v2\/posts"}],"about":[{"href":"https:\/\/aconteceunovale.com.br\/portal\/index.php?rest_route=\/wp\/v2\/types\/post"}],"author":[{"embeddable":true,"href":"https:\/\/aconteceunovale.com.br\/portal\/index.php?rest_route=\/wp\/v2\/users\/1"}],"replies":[{"embeddable":true,"href":"https:\/\/aconteceunovale.com.br\/portal\/index.php?rest_route=%2Fwp%2Fv2%2Fcomments&post=29053"}],"version-history":[{"count":0,"href":"https:\/\/aconteceunovale.com.br\/portal\/index.php?rest_route=\/wp\/v2\/posts\/29053\/revisions"}],"wp:featuredmedia":[{"embeddable":true,"href":"https:\/\/aconteceunovale.com.br\/portal\/index.php?rest_route=\/wp\/v2\/media\/29054"}],"wp:attachment":[{"href":"https:\/\/aconteceunovale.com.br\/portal\/index.php?rest_route=%2Fwp%2Fv2%2Fmedia&parent=29053"}],"wp:term":[{"taxonomy":"category","embeddable":true,"href":"https:\/\/aconteceunovale.com.br\/portal\/index.php?rest_route=%2Fwp%2Fv2%2Fcategories&post=29053"},{"taxonomy":"post_tag","embeddable":true,"href":"https:\/\/aconteceunovale.com.br\/portal\/index.php?rest_route=%2Fwp%2Fv2%2Ftags&post=29053"}],"curies":[{"name":"wp","href":"https:\/\/api.w.org\/{rel}","templated":true}]}}