{"id":29048,"date":"2014-05-15T18:20:57","date_gmt":"2014-05-15T21:20:57","guid":{"rendered":"http:\/\/aconteceunovale.com.br\/portal\/?p=29048"},"modified":"2014-05-15T18:29:52","modified_gmt":"2014-05-15T21:29:52","slug":"carreta-carregada-com-postes-de-eucalipto-tomba-na-br-367-em-virgem-da-lapa","status":"publish","type":"post","link":"https:\/\/aconteceunovale.com.br\/portal\/?p=29048","title":{"rendered":"Carreta carregada com postes de eucalipto tomba na BR-367 em Virgem da Lapa"},"content":{"rendered":"<p>Uma carreta carregada com postes de eucalipto tombou em uma curva, na manh\u00e3 desta quinta-feira, 15 de maio, na BR-367, pr\u00f3ximo \u00e0 cidade de Virgem da Lapa, no Vale do Jequitinhonha. O motorista da carreta n\u00e3o ficou ferido. <\/p>\n<p>N\u00e3o h\u00e1 informa\u00e7\u00f5es sobre o que teria provocado o acidente. A rodovia n\u00e3o precisou ser interditada e o tr\u00e2nsito fluiu normalmente. A carreta foi retirada no final da tarde.<\/p>\n<p><img decoding=\"async\" src=\"http:\/\/aconteceunovale.com.br\/portal\/wp-content\/uploads\/2014\/05\/carreta_madeira_virgem_da_lapa_15_05.jpg\" alt=\"\" \/><br \/>\n<\/br><\/p>\n<p>Autoridades municipais de Virgem da Lapa est\u00e3o cobrando uma maior fiscaliza\u00e7\u00e3o do DER com rela\u00e7\u00e3o ao tr\u00e2nsito de carretas que transportam postes de eucalipto do Alto Jequitinhonha, via BR-367.<\/p>\n<p>\u201cMuitos peda\u00e7os de madeira caem pela estrada e colocam em risco a vida das pessoas\u201d, denuncia  o vereador Marcinho de Zo\u00e9.<\/p>\n<p>O chefe do escrit\u00f3rio regional do DER em Ara\u00e7ua\u00ed, n\u00e3o foi localizado para comentar o assunto.<\/p>\n<p><strong>(Fonte: Gazeta de Ara\u00e7ua\u00ed)<\/strong><\/p>\n","protected":false},"excerpt":{"rendered":"<p>Uma carreta carregada com postes de eucalipto tombou em uma curva, na manh\u00e3 desta quinta-feira, 15 de maio, na BR-367, pr\u00f3ximo \u00e0 cidade de Virgem da Lapa, no Vale do Jequitinhonha. O motorista da carreta n\u00e3o ficou ferido. N\u00e3o h\u00e1 informa\u00e7\u00f5es sobre o que teria provocado o acidente. A rodovia n\u00e3o precisou ser interditada e [&hellip;]<\/p>\n","protected":false},"author":1,"featured_media":29050,"comment_status":"open","ping_status":"closed","sticky":false,"template":"","format":"standard","meta":{"amp_status":"","footnotes":""},"categories":[120],"tags":[186,7559,7558,1018,482],"class_list":["post-29048","post","type-post","status-publish","format-standard","has-post-thumbnail","hentry","category-jequi","tag-aracuai","tag-carreta-carregada-com-postes-de-eucalipto-tomba-na-br-367-em-virgem-da-lapa","tag-carreta-carregada-de-madeira-tomba-na-br-367-em-virgem-da-lapa","tag-destaque","tag-virgem-da-lapa"],"_links":{"self":[{"href":"https:\/\/aconteceunovale.com.br\/portal\/index.php?rest_route=\/wp\/v2\/posts\/29048","targetHints":{"allow":["GET"]}}],"collection":[{"href":"https:\/\/aconteceunovale.com.br\/portal\/index.php?rest_route=\/wp\/v2\/posts"}],"about":[{"href":"https:\/\/aconteceunovale.com.br\/portal\/index.php?rest_route=\/wp\/v2\/types\/post"}],"author":[{"embeddable":true,"href":"https:\/\/aconteceunovale.com.br\/portal\/index.php?rest_route=\/wp\/v2\/users\/1"}],"replies":[{"embeddable":true,"href":"https:\/\/aconteceunovale.com.br\/portal\/index.php?rest_route=%2Fwp%2Fv2%2Fcomments&post=29048"}],"version-history":[{"count":0,"href":"https:\/\/aconteceunovale.com.br\/portal\/index.php?rest_route=\/wp\/v2\/posts\/29048\/revisions"}],"wp:featuredmedia":[{"embeddable":true,"href":"https:\/\/aconteceunovale.com.br\/portal\/index.php?rest_route=\/wp\/v2\/media\/29050"}],"wp:attachment":[{"href":"https:\/\/aconteceunovale.com.br\/portal\/index.php?rest_route=%2Fwp%2Fv2%2Fmedia&parent=29048"}],"wp:term":[{"taxonomy":"category","embeddable":true,"href":"https:\/\/aconteceunovale.com.br\/portal\/index.php?rest_route=%2Fwp%2Fv2%2Fcategories&post=29048"},{"taxonomy":"post_tag","embeddable":true,"href":"https:\/\/aconteceunovale.com.br\/portal\/index.php?rest_route=%2Fwp%2Fv2%2Ftags&post=29048"}],"curies":[{"name":"wp","href":"https:\/\/api.w.org\/{rel}","templated":true}]}}