{"id":29045,"date":"2014-05-15T16:27:47","date_gmt":"2014-05-15T19:27:47","guid":{"rendered":"http:\/\/aconteceunovale.com.br\/portal\/?p=29045"},"modified":"2014-05-15T16:27:47","modified_gmt":"2014-05-15T19:27:47","slug":"bandidos-fortemente-armados-assaltam-padre-de-sao-joao-do-paraiso","status":"publish","type":"post","link":"https:\/\/aconteceunovale.com.br\/portal\/?p=29045","title":{"rendered":"Bandidos fortemente armados assaltam Padre de S\u00e3o Jo\u00e3o do Para\u00edso"},"content":{"rendered":"<p>Na noite dessa quarta (14) o padre da Par\u00f3quia de S\u00e3o Jo\u00e3o do Para\u00edso, Ivanildo Ara\u00fajo Souza, foi v\u00edtima de um assalto em uma estrada vicinal na divisa do munic\u00edpio com o estado da Bahia. Conforme informa\u00e7\u00e3o da Pol\u00edcia Militar, os bandidos estavam em duas caminhonetes Hilux, cor preta, e portando armas longas.<\/p>\n<p>O padre, que estava acompanhado do popular L\u00e9o da Prefeitura, foi abordado na comunidade Alegre, zona rural do munic\u00edpio de Conde\u00faba\/BA. Ele retornava das celebra\u00e7\u00f5es de duas missas nas comunidades rurais de Mato Escuro e S\u00e3o Pedro.<\/p>\n<p>A informa\u00e7\u00e3o \u00e9 de que os bandidos estavam nervosos, mas quando ficaram sabendo que a v\u00edtima era padre, eles amenizaram na agressividade, mas levaram o ve\u00edculo, deixando o padre e seu acompanhante no matagal. Ap\u00f3s o assalto, as v\u00edtimas seguiram a p\u00e9 at\u00e9 o povoado Alegre, onde fizeram contato com a pol\u00edcia.<\/p>\n<p>Na manh\u00e3 dessa quinta (15), o ve\u00edculo do padre foi encontrado abandonado, sem as chaves, em uma propriedade, pr\u00f3xima ao local doassalto, chamada Lagoa do Curral. A pol\u00edcia n\u00e3o tem pistas dos assaltantes.<\/p>\n<p><img decoding=\"async\" src=\"http:\/\/aconteceunovale.com.br\/portal\/wp-content\/uploads\/2014\/05\/assalto_padre_sao_joao_paraiso.jpg\" alt=\"\" \/><\/p>\n<p><strong>(Foto e informa\u00e7\u00f5es do Jornal Folha Regional)<\/strong><\/p>\n","protected":false},"excerpt":{"rendered":"<p>Na noite dessa quarta (14) o padre da Par\u00f3quia de S\u00e3o Jo\u00e3o do Para\u00edso, Ivanildo Ara\u00fajo Souza, foi v\u00edtima de um assalto em uma estrada vicinal na divisa do munic\u00edpio com o estado da Bahia. Conforme informa\u00e7\u00e3o da Pol\u00edcia Militar, os bandidos estavam em duas caminhonetes Hilux, cor preta, e portando armas longas. O padre, [&hellip;]<\/p>\n","protected":false},"author":1,"featured_media":29046,"comment_status":"open","ping_status":"closed","sticky":false,"template":"","format":"standard","meta":{"amp_status":"","footnotes":""},"categories":[1236],"tags":[7557,1403],"class_list":["post-29045","post","type-post","status-publish","format-standard","has-post-thumbnail","hentry","category-norte_de_minas","tag-bandidos-fortemente-armados-assaltam-padre-de-sao-joao-do-paraiso","tag-sao-joao-do-paraiso"],"_links":{"self":[{"href":"https:\/\/aconteceunovale.com.br\/portal\/index.php?rest_route=\/wp\/v2\/posts\/29045","targetHints":{"allow":["GET"]}}],"collection":[{"href":"https:\/\/aconteceunovale.com.br\/portal\/index.php?rest_route=\/wp\/v2\/posts"}],"about":[{"href":"https:\/\/aconteceunovale.com.br\/portal\/index.php?rest_route=\/wp\/v2\/types\/post"}],"author":[{"embeddable":true,"href":"https:\/\/aconteceunovale.com.br\/portal\/index.php?rest_route=\/wp\/v2\/users\/1"}],"replies":[{"embeddable":true,"href":"https:\/\/aconteceunovale.com.br\/portal\/index.php?rest_route=%2Fwp%2Fv2%2Fcomments&post=29045"}],"version-history":[{"count":0,"href":"https:\/\/aconteceunovale.com.br\/portal\/index.php?rest_route=\/wp\/v2\/posts\/29045\/revisions"}],"wp:featuredmedia":[{"embeddable":true,"href":"https:\/\/aconteceunovale.com.br\/portal\/index.php?rest_route=\/wp\/v2\/media\/29046"}],"wp:attachment":[{"href":"https:\/\/aconteceunovale.com.br\/portal\/index.php?rest_route=%2Fwp%2Fv2%2Fmedia&parent=29045"}],"wp:term":[{"taxonomy":"category","embeddable":true,"href":"https:\/\/aconteceunovale.com.br\/portal\/index.php?rest_route=%2Fwp%2Fv2%2Fcategories&post=29045"},{"taxonomy":"post_tag","embeddable":true,"href":"https:\/\/aconteceunovale.com.br\/portal\/index.php?rest_route=%2Fwp%2Fv2%2Ftags&post=29045"}],"curies":[{"name":"wp","href":"https:\/\/api.w.org\/{rel}","templated":true}]}}