{"id":29042,"date":"2014-05-15T16:21:45","date_gmt":"2014-05-15T19:21:45","guid":{"rendered":"http:\/\/aconteceunovale.com.br\/portal\/?p=29042"},"modified":"2014-05-15T16:21:45","modified_gmt":"2014-05-15T19:21:45","slug":"operacao-contra-o-trafico-de-drogas-prende-34-pessoas-no-norte-de-minas-gerais","status":"publish","type":"post","link":"https:\/\/aconteceunovale.com.br\/portal\/?p=29042","title":{"rendered":"Opera\u00e7\u00e3o contra o tr\u00e1fico de drogas prende 34 pessoas no Norte de Minas Gerais"},"content":{"rendered":"<p>Uma a\u00e7\u00e3o conjunta entre as Pol\u00edcias Civil e Militar prendeu 34 pessoas na manh\u00e3 desta quinta-feira, 15 de maio. Os presos s\u00e3o suspeitos de envolvimento com o tr\u00e1fico de drogas no Norte de Minas Gerais. A investiga\u00e7\u00e3o durou nove meses nas cidades de Janu\u00e1ria, Itacarambi, Pedras de Maria da Cruz, Ja\u00edba e Bonito de Minas.<\/p>\n<p>Foram expedidos 36 mandados de pris\u00e3o e 40 de busca e apreens\u00e3o. Entre os suspeitos est\u00e3o quatro pessoas de uma mesma fam\u00edlia que foram presos em S\u00e3o Paulo (SP). <\/p>\n<p>A suspeita \u00e9 que os quatro forneciam as drogas para a regi\u00e3o. \u201cEssas quatro pessoas s\u00e3o pai, m\u00e3e, filho e nora. Eles ficavam em um ponto base em S\u00e3o Paulo e forneciam a droga para a cidade de Janu\u00e1ria, geralmente por meio de \u00f4nibus clandestinos\u201d, afirma o delegado Alberto Ten\u00f3rio.<\/p>\n<p><img decoding=\"async\" src=\"http:\/\/aconteceunovale.com.br\/portal\/wp-content\/uploads\/2014\/05\/presos_norte_minas_operacao_pc_pc_15_05.jpg\" alt=\"\" \/><em>(Foto: Valdivan Veloso\/G1)<\/em><br \/>\n<\/br><\/p>\n<p>Ainda de acordo com o delegado, durante os trabalhos foi identificada a a\u00e7\u00e3o de seis fac\u00e7\u00f5es na cidade. \u201cEssas fac\u00e7\u00f5es n\u00e3o tinham rivalidade. Cada uma atuava em seu ponto no mercado. A opera\u00e7\u00e3o originou a partir do tr\u00e1fico bastante intensificado na Rua An\u00edsio Jos\u00e9 da Rocha, local pr\u00f3ximo aos \u00f3rg\u00e3os de seguran\u00e7a p\u00fablica do munic\u00edpio.\u201d<\/p>\n<p>Segundo o tenente coronel da Pol\u00edcia Militar, Geraldo Wellington Gon\u00e7alves, outra situa\u00e7\u00e3o que motivou a investiga\u00e7\u00e3o foi o n\u00famero de apreens\u00f5es de entorpecentes em Janu\u00e1ria no \u00faltimo ano. \u201cCom as apreens\u00f5es de drogas na cidade, n\u00f3s sab\u00edamos que o tr\u00e1fico existia, mas n\u00e3o sab\u00edamos quem eram os respons\u00e1veis. Com este acompanhamento, com o trabalho conjunto, foi poss\u00edvel tirar v\u00e1rias dessas pessoas de circula\u00e7\u00e3o\u201d, explica.<\/p>\n<p>A opera\u00e7\u00e3o apreendeu ainda 20 quilos de drogas e duas armas. A a\u00e7\u00e3o foi apoiada por equipes de Montes Claros, c\u00e3es farejadores e helic\u00f3pteros da PM e da PC. O Minist\u00e9rio P\u00fablico tamb\u00e9m apoiou as investiga\u00e7\u00f5es.<\/p>\n<p>&#8220;O trabalho das pol\u00edcias e do Minist\u00e9rio objetiva a seguran\u00e7a p\u00fablica. Ent\u00e3o as investiga\u00e7\u00f5es seguiram de forma muito correta e o que conseguiu delimitar muito bem as organiza\u00e7\u00f5es criminosas e tamb\u00e9m a participa\u00e7\u00e3o de cada um. Podemos assim denunciar todos por tr\u00e1fico, associa\u00e7\u00e3o ao tr\u00e1fico ou outros crimes que possam estar envolvidos&#8221;, afirma o promotor Lucas Marques Trindade.<\/p>\n<p>Os detidos foram encaminhados para a Delegacia Regional de Janu\u00e1ria juntamente com a droga e armas apreendidas.<\/p>\n<p><strong>(Fonte: G1)<\/strong><\/p>\n","protected":false},"excerpt":{"rendered":"<p>Uma a\u00e7\u00e3o conjunta entre as Pol\u00edcias Civil e Militar prendeu 34 pessoas na manh\u00e3 desta quinta-feira, 15 de maio. Os presos s\u00e3o suspeitos de envolvimento com o tr\u00e1fico de drogas no Norte de Minas Gerais. A investiga\u00e7\u00e3o durou nove meses nas cidades de Janu\u00e1ria, Itacarambi, Pedras de Maria da Cruz, Ja\u00edba e Bonito de Minas. [&hellip;]<\/p>\n","protected":false},"author":1,"featured_media":29043,"comment_status":"open","ping_status":"closed","sticky":false,"template":"","format":"standard","meta":{"amp_status":"","footnotes":""},"categories":[1236],"tags":[1799,1018,1705,1058,205,131,210,7556,3723,2382],"class_list":["post-29042","post","type-post","status-publish","format-standard","has-post-thumbnail","hentry","category-norte_de_minas","tag-bonito-de-minas","tag-destaque","tag-itacarambi","tag-jaiba","tag-januaria","tag-minas-gerais","tag-montes-claros","tag-operacao-contra-o-trafico-de-drogas-prende-34-pessoas-no-norte-de-minas-gerais","tag-pedras-de-maria-da-cruz","tag-sao-paulo"],"_links":{"self":[{"href":"https:\/\/aconteceunovale.com.br\/portal\/index.php?rest_route=\/wp\/v2\/posts\/29042","targetHints":{"allow":["GET"]}}],"collection":[{"href":"https:\/\/aconteceunovale.com.br\/portal\/index.php?rest_route=\/wp\/v2\/posts"}],"about":[{"href":"https:\/\/aconteceunovale.com.br\/portal\/index.php?rest_route=\/wp\/v2\/types\/post"}],"author":[{"embeddable":true,"href":"https:\/\/aconteceunovale.com.br\/portal\/index.php?rest_route=\/wp\/v2\/users\/1"}],"replies":[{"embeddable":true,"href":"https:\/\/aconteceunovale.com.br\/portal\/index.php?rest_route=%2Fwp%2Fv2%2Fcomments&post=29042"}],"version-history":[{"count":0,"href":"https:\/\/aconteceunovale.com.br\/portal\/index.php?rest_route=\/wp\/v2\/posts\/29042\/revisions"}],"wp:featuredmedia":[{"embeddable":true,"href":"https:\/\/aconteceunovale.com.br\/portal\/index.php?rest_route=\/wp\/v2\/media\/29043"}],"wp:attachment":[{"href":"https:\/\/aconteceunovale.com.br\/portal\/index.php?rest_route=%2Fwp%2Fv2%2Fmedia&parent=29042"}],"wp:term":[{"taxonomy":"category","embeddable":true,"href":"https:\/\/aconteceunovale.com.br\/portal\/index.php?rest_route=%2Fwp%2Fv2%2Fcategories&post=29042"},{"taxonomy":"post_tag","embeddable":true,"href":"https:\/\/aconteceunovale.com.br\/portal\/index.php?rest_route=%2Fwp%2Fv2%2Ftags&post=29042"}],"curies":[{"name":"wp","href":"https:\/\/api.w.org\/{rel}","templated":true}]}}