{"id":29022,"date":"2014-05-15T12:16:21","date_gmt":"2014-05-15T15:16:21","guid":{"rendered":"http:\/\/aconteceunovale.com.br\/portal\/?p=29022"},"modified":"2014-05-15T14:07:22","modified_gmt":"2014-05-15T17:07:22","slug":"populares-colocam-fogo-em-ponte-na-br-367","status":"publish","type":"post","link":"https:\/\/aconteceunovale.com.br\/portal\/?p=29022","title":{"rendered":"Populares tentam queimar ponte na BR-367"},"content":{"rendered":"<p><strong>Por Vicente Alves \/ Portal Aconteceu no Vale<\/strong><\/p>\n<p>O descaso do Governo Federal com o trecho da rodovia BR-367, entre os munic\u00edpios de Minas Novas e Virgem da Lapa, est\u00e1 levando a popula\u00e7\u00e3o a tomar medidas dr\u00e1sticas. Na \u00faltima semana, populares do munic\u00edpio de Berilo resolveram queimar a ponte sobre o Ribeir\u00e3o \u00c1gua Suja, na sa\u00edda da cidade para o munic\u00edpio de Chapada do Norte. <\/p>\n<p>A popula\u00e7\u00e3o n\u00e3o aguenta mais o risco representado pela constru\u00e7\u00e3o \u00e0s centenas de pessoas que trafegam pelo local diariamente. Por se tratar de uma ponte antiga e que n\u00e3o recebe as devidas manuten\u00e7\u00f5es, a possibilidade de ocorrer uma trag\u00e9dia no local \u00e9 muito grande.<\/p>\n<p><strong>ASSISTA O V\u00cdDEO:<\/strong><br \/>\n<em>(V\u00eddeo registrado pelo internauta Mercinho)<\/em><\/p>\n<p><iframe loading=\"lazy\" width=\"640\" height=\"360\" src=\"\/\/www.youtube.com\/embed\/LOVgzRCK9ns\" frameborder=\"0\" allowfullscreen><\/iframe><\/p>\n<p><strong>FOTOS DA CONSTRU\u00c7\u00c3O:<\/strong><br \/>\n<em>(Fotos: Adam Ray)<\/em><\/p>\n<p><img decoding=\"async\" src=\"http:\/\/aconteceunovale.com.br\/portal\/wp-content\/uploads\/2014\/05\/ponte_rio_agua_suja_berilo_1.jpg\" alt=\"\" \/><br \/>\n<div id='gallery-1' class='gallery galleryid-29022 gallery-columns-5 gallery-size-thumbnail'><figure class='gallery-item'>\n\t\t\t<div class='gallery-icon portrait'>\n\t\t\t\t<a href='https:\/\/aconteceunovale.com.br\/portal\/wp-content\/uploads\/2014\/05\/ponte_rio_agua_suja_berilo_6.jpg'><img loading=\"lazy\" decoding=\"async\" width=\"150\" height=\"150\" src=\"https:\/\/aconteceunovale.com.br\/portal\/wp-content\/uploads\/2014\/05\/ponte_rio_agua_suja_berilo_6-150x150.jpg\" class=\"attachment-thumbnail size-thumbnail\" alt=\"\" \/><\/a>\n\t\t\t<\/div><\/figure><figure class='gallery-item'>\n\t\t\t<div class='gallery-icon portrait'>\n\t\t\t\t<a href='https:\/\/aconteceunovale.com.br\/portal\/wp-content\/uploads\/2014\/05\/ponte_rio_agua_suja_berilo_5.jpg'><img loading=\"lazy\" decoding=\"async\" width=\"150\" height=\"150\" src=\"https:\/\/aconteceunovale.com.br\/portal\/wp-content\/uploads\/2014\/05\/ponte_rio_agua_suja_berilo_5-150x150.jpg\" class=\"attachment-thumbnail size-thumbnail\" alt=\"\" \/><\/a>\n\t\t\t<\/div><\/figure><figure class='gallery-item'>\n\t\t\t<div class='gallery-icon landscape'>\n\t\t\t\t<a href='https:\/\/aconteceunovale.com.br\/portal\/wp-content\/uploads\/2014\/05\/ponte_rio_agua_suja_berilo_4.jpg'><img loading=\"lazy\" decoding=\"async\" width=\"150\" height=\"150\" src=\"https:\/\/aconteceunovale.com.br\/portal\/wp-content\/uploads\/2014\/05\/ponte_rio_agua_suja_berilo_4-150x150.jpg\" class=\"attachment-thumbnail size-thumbnail\" alt=\"\" \/><\/a>\n\t\t\t<\/div><\/figure><figure class='gallery-item'>\n\t\t\t<div class='gallery-icon portrait'>\n\t\t\t\t<a href='https:\/\/aconteceunovale.com.br\/portal\/wp-content\/uploads\/2014\/05\/ponte_rio_agua_suja_berilo_3.jpg'><img loading=\"lazy\" decoding=\"async\" width=\"150\" height=\"150\" src=\"https:\/\/aconteceunovale.com.br\/portal\/wp-content\/uploads\/2014\/05\/ponte_rio_agua_suja_berilo_3-150x150.jpg\" class=\"attachment-thumbnail size-thumbnail\" alt=\"\" \/><\/a>\n\t\t\t<\/div><\/figure><figure class='gallery-item'>\n\t\t\t<div class='gallery-icon portrait'>\n\t\t\t\t<a href='https:\/\/aconteceunovale.com.br\/portal\/wp-content\/uploads\/2014\/05\/ponte_rio_agua_suja_berilo_2.jpg'><img loading=\"lazy\" decoding=\"async\" width=\"150\" height=\"150\" src=\"https:\/\/aconteceunovale.com.br\/portal\/wp-content\/uploads\/2014\/05\/ponte_rio_agua_suja_berilo_2-150x150.jpg\" class=\"attachment-thumbnail size-thumbnail\" alt=\"\" \/><\/a>\n\t\t\t<\/div><\/figure>\n\t\t<\/div>\n<\/p>\n<p>Sabemos que o vandalismo n\u00e3o soluciona o descaso com a ponte e de forma geral com o Vale do Jequitinhonha, mas entendemos perfeitamente que a popula\u00e7\u00e3o n\u00e3o aguenta as promessas n\u00e3o cumpridas. Exemplo disso \u00e9 a promessa feita pela Presidente do Brasil, Senhora Dilma Rousseff, em um discurso durante a inaugura\u00e7\u00e3o da Barragem de Set\u00fabal, em Jenipapo de Minas, em janeiro de 2011. \u201cN\u00f3s vamos, agora, prometer mais uma obra que n\u00f3s iremos cumprir, que \u00e9 o asfaltamento dos dois trechos da 367.\u201d, conforme podem ouvir e assistir no v\u00eddeo abaixo. <\/p>\n<p><iframe loading=\"lazy\" width=\"640\" height=\"480\" src=\"\/\/www.youtube.com\/embed\/zhmJUBHGyts\" frameborder=\"0\" allowfullscreen><\/iframe><\/p>\n<p>Tr\u00eas anos se passaram e nada do t\u00e3o sonhado asfaltamento prometido pela presidente. Como tentativa de amenizar a p\u00e9ssima condi\u00e7\u00e3o de tr\u00e1fego no trecho, em fevereiro deste ano, o ex\u00e9rcito brasileiro iniciou uma obra de recupera\u00e7\u00e3o ap\u00f3s a libera\u00e7\u00e3o de recursos de um projeto que custar\u00e1 mais de 23 milh\u00f5es de reais aos cofres p\u00fablicos somente para conserva\u00e7\u00e3o, conforme podem ver no outdoor instalado \u00e0s margens da rodovia anunciando a obra. Agora eu te pergunto, e o asfalto? V\u00e3o gastar 23 milh\u00f5es do seu bolso somente para fazer uma obra paliativa. <\/p>\n<p><img decoding=\"async\" src=\"http:\/\/aconteceunovale.com.br\/portal\/wp-content\/uploads\/2014\/05\/placa_asfalto_367.jpg\" alt=\"\" \/><em><strong>(Foto: Jos\u00e9 Maria Almeida)<\/strong><\/em><br \/>\n<\/br><\/p>\n<p>Portanto \u201cabram os olhos at\u00e9 o branco\u201d meus caros eleitores, estamos em ano de disputa eleitoral, e mais uma vez os \u201cparaquedistas\u201d vir\u00e3o at\u00e9 o Vale fazerem promessas que n\u00e3o ser\u00e3o cumpridas. <\/p>\n","protected":false},"excerpt":{"rendered":"<p>Por Vicente Alves \/ Portal Aconteceu no Vale O descaso do Governo Federal com o trecho da rodovia BR-367, entre os munic\u00edpios de Minas Novas e Virgem da Lapa, est\u00e1 levando a popula\u00e7\u00e3o a tomar medidas dr\u00e1sticas. Na \u00faltima semana, populares do munic\u00edpio de Berilo resolveram queimar a ponte sobre o Ribeir\u00e3o \u00c1gua Suja, na [&hellip;]<\/p>\n","protected":false},"author":1,"featured_media":29024,"comment_status":"open","ping_status":"closed","sticky":false,"template":"","format":"standard","meta":{"amp_status":"","footnotes":""},"categories":[120],"tags":[841,2016,481,1018,1218,137,7551,7553,7552,482],"class_list":["post-29022","post","type-post","status-publish","format-standard","has-post-thumbnail","hentry","category-jequi","tag-berilo","tag-br-367","tag-chapada-do-norte","tag-destaque","tag-jenipapo-de-minas","tag-minas-novas","tag-populares-colocam-fogo-em-ponte-na-br-367","tag-populares-tentam-queimar-ponte-na-br-367","tag-promessa-de-asfaltamento-da-br-367","tag-virgem-da-lapa"],"_links":{"self":[{"href":"https:\/\/aconteceunovale.com.br\/portal\/index.php?rest_route=\/wp\/v2\/posts\/29022","targetHints":{"allow":["GET"]}}],"collection":[{"href":"https:\/\/aconteceunovale.com.br\/portal\/index.php?rest_route=\/wp\/v2\/posts"}],"about":[{"href":"https:\/\/aconteceunovale.com.br\/portal\/index.php?rest_route=\/wp\/v2\/types\/post"}],"author":[{"embeddable":true,"href":"https:\/\/aconteceunovale.com.br\/portal\/index.php?rest_route=\/wp\/v2\/users\/1"}],"replies":[{"embeddable":true,"href":"https:\/\/aconteceunovale.com.br\/portal\/index.php?rest_route=%2Fwp%2Fv2%2Fcomments&post=29022"}],"version-history":[{"count":0,"href":"https:\/\/aconteceunovale.com.br\/portal\/index.php?rest_route=\/wp\/v2\/posts\/29022\/revisions"}],"wp:featuredmedia":[{"embeddable":true,"href":"https:\/\/aconteceunovale.com.br\/portal\/index.php?rest_route=\/wp\/v2\/media\/29024"}],"wp:attachment":[{"href":"https:\/\/aconteceunovale.com.br\/portal\/index.php?rest_route=%2Fwp%2Fv2%2Fmedia&parent=29022"}],"wp:term":[{"taxonomy":"category","embeddable":true,"href":"https:\/\/aconteceunovale.com.br\/portal\/index.php?rest_route=%2Fwp%2Fv2%2Fcategories&post=29022"},{"taxonomy":"post_tag","embeddable":true,"href":"https:\/\/aconteceunovale.com.br\/portal\/index.php?rest_route=%2Fwp%2Fv2%2Ftags&post=29022"}],"curies":[{"name":"wp","href":"https:\/\/api.w.org\/{rel}","templated":true}]}}