{"id":29010,"date":"2014-05-15T08:20:57","date_gmt":"2014-05-15T11:20:57","guid":{"rendered":"http:\/\/aconteceunovale.com.br\/portal\/?p=29010"},"modified":"2014-05-15T08:20:57","modified_gmt":"2014-05-15T11:20:57","slug":"laudo-sobre-a-morte-de-familia-carbonizada-em-rio-pardo-de-minas-deve-sair-em-10-dias","status":"publish","type":"post","link":"https:\/\/aconteceunovale.com.br\/portal\/?p=29010","title":{"rendered":"Laudo sobre a morte de fam\u00edlia carbonizada em Rio Pardo de Minas deve sair em 10 dias"},"content":{"rendered":"<h4><strong>Pai, m\u00e3e e crian\u00e7as de 2 e 7 anos moravam em Rio Pardo de Minas. Inc\u00eandio pode ter sido causado por vela usada no quarto.<\/strong><\/h4>\n<p><img decoding=\"async\" src=\"http:\/\/aconteceunovale.com.br\/portal\/wp-content\/uploads\/2014\/05\/tragedia_rio_pardo.jpg\" alt=\"\" \/><em>(Foto: Jos\u00e9 Maria Dias \/ Rio Pardo Not\u00edcias)<\/em><br \/>\n<\/br><\/p>\n<p>O laudo que vai determinar a causa da morte de Ant\u00f4nio Jos\u00e9 da Silva Neto, de 28 anos, da esposa dele, Edna Barbosa, de 29, e das duas crian\u00e7as, de dois e sete anos, que morreram carbonizadas em Rio Pardo de Minas (MG), deve sair em 10 dias. Os corpos foram levados para o Instituto M\u00e9dico Legal de Montes Claros (MG).<\/p>\n<p>Os quatro foram encontrados mortos nesta quarta-feira (14), em um dos c\u00f4modos de uma casa no Bairro Esplanada. As chamas atingiram somente um quarto, mas a fuma\u00e7a deixou as paredes do im\u00f3vel pretas, e o calor derreteu eletrodom\u00e9sticos.<\/p>\n<p>O casal nasceu na regi\u00e3o de Rio Pardo, morou no interior de S\u00e3o Paulo e havia se mudado para a cidade h\u00e1 duas semanas.  A mulher estava gr\u00e1vida de quatro meses.<\/p>\n<p>O investigador da Pol\u00edcia Civil, Eduardo Viana, diz que a princ\u00edpio o inc\u00eandio foi acidental, mas todas as possibilidades est\u00e3o sendo averiguadas.<\/p>\n<p>Segundo ele, \u00e9 poss\u00edvel que as chamas tenham come\u00e7ado nos colch\u00f5es, que estavam no ch\u00e3o do quarto, por causa de velas que estavam sendo utilizadas, j\u00e1 que a energia el\u00e9trica do im\u00f3vel foi cortada por falta de pagamento do inquilino anterior.<\/p>\n<p>Eduardo Viana diz que Ant\u00f4nio Jos\u00e9 chegou em casa exaltado, com sinais de embriaguez, na madrugada do inc\u00eandio. Foi verificada a possibilidade de que o crime tivesse sido cometido ap\u00f3s algum desentendimento da v\u00edtima nos bares por onde ele passou, mas uma equipe de investigadores percorreu os locais e j\u00e1 descartou essa hip\u00f3tese. Ant\u00f4nio n\u00e3o tinha passagens pela pol\u00edcia.<\/p>\n<p>Fabr\u00edcio Martins, dono da casa, e primo de Edna Barbosa, foi o primeiro a chegar ao local. Ele foi avisado do inc\u00eandio por uma vizinha.<\/p>\n<p>&#8220;Saltei o muro e vi uma chama pequena, peguei uma garrafa com groselha e apaguei o fogo. Em seguida, acendi a luz do celular e vi Ant\u00f4nio. Sa\u00ed correndo e chamei a pol\u00edcia.&#8221;<\/p>\n<p>A vizinha que chamou Fabr\u00edcio conta que n\u00e3o escutou barulhos durante a madrugada. A janela da casa de Ana Ferreira d\u00e1 acesso para o corredor da casa onde as v\u00edtimas moravam.<\/p>\n<p>&#8220;N\u00e3o ouvi gritos e nem o choro das crian\u00e7as, durmo com a televis\u00e3o ligada e com a janela fechada. Fiquei chocada, nunca vi nada parecido acontecendo aqui na cidade.&#8221;<\/p>\n<p>&#8220;Quando chegamos no quarto, que n\u00e3o tem nenhuma janela, estava escuro, a casa tinha bastante fuma\u00e7a, mas o inc\u00eandio j\u00e1 havia sido controlado. O pai estava de bru\u00e7os com uma das filhas em cima dele, a outra crian\u00e7a estava agachada, no canto da parede, e a m\u00e3e estava virada para a parede&#8221;, diz o tenente Charles Paiva, da Pol\u00edcia Militar.<\/p>\n<p><img decoding=\"async\" src=\"http:\/\/aconteceunovale.com.br\/portal\/wp-content\/uploads\/2014\/05\/incendio_casa_rio_pardo_14_05.jpg\" alt=\"\" \/><em>(Alex Sandro \/ Folha Regional)<\/em><br \/>\n<\/br><\/p>\n<h4><strong>Liga\u00e7\u00e3o para a tia<\/strong><\/h4>\n<p>Por volta da meia noite, Edna Barbosa ligou para a tia Rosa Maria Bichaco, para dizer que o marido havia sa\u00eddo cedo e ainda n\u00e3o tinha chegado em casa. &#8220;Chamei a minha sobrinha para dormir na minha casa, mas ela n\u00e3o aceitou e me contou que o marido estava insatisfeito com a mudan\u00e7a para a cidade.&#8221;<\/p>\n<p>J\u00e1 pouco depois das 2h,  Edna voltou a ligar, pedindo leite para a tia. &#8220;Ela me ligou dizendo que a crian\u00e7a de dois anos chorava querendo leite, eu disse que ela viesse at\u00e9 a minha casa para buscar. Ao fundo eu ouvia ela chamando o marido para ir junto, eu escutava ele resmungando, mas n\u00e3o conseguia entender o que dizia, parecia revoltado. A liga\u00e7\u00e3o caiu e foi a \u00faltima vez que falei com a minha sobrinha.&#8221;<\/p>\n<p><img decoding=\"async\" src=\"http:\/\/aconteceunovale.com.br\/portal\/wp-content\/uploads\/2014\/05\/familia_rio_pardo_tragedia.jpg\" alt=\"\" \/><em>(Michely Oda \/ G1)<\/em><br \/>\n<\/br><\/p>\n<p><strong>(Fonte: Inter TV Grande Minas \/ G1)<\/strong><\/p>\n","protected":false},"excerpt":{"rendered":"<p>Pai, m\u00e3e e crian\u00e7as de 2 e 7 anos moravam em Rio Pardo de Minas. Inc\u00eandio pode ter sido causado por vela usada no quarto. (Foto: Jos\u00e9 Maria Dias \/ Rio Pardo Not\u00edcias) O laudo que vai determinar a causa da morte de Ant\u00f4nio Jos\u00e9 da Silva Neto, de 28 anos, da esposa dele, Edna [&hellip;]<\/p>\n","protected":false},"author":1,"featured_media":29011,"comment_status":"open","ping_status":"closed","sticky":false,"template":"","format":"standard","meta":{"amp_status":"","footnotes":""},"categories":[1236],"tags":[7546,1018,7547,7544,7545,7542,7541,421,7543],"class_list":["post-29010","post","type-post","status-publish","format-standard","has-post-thumbnail","hentry","category-norte_de_minas","tag-antonio-jose-da-silva-neto","tag-destaque","tag-edna-barbosa","tag-familia-carbonizada-em-rio-pardo-de-minas","tag-familia-queimada-em-rio-pardo-de-minas","tag-fotos-da-casa-da-familia-carbonizada-em-rio-pardo-de-minas","tag-laudo-sobre-a-morte-de-familia-carbonizada-em-rio-pardo-de-minas-deve-sair-em-10-dias","tag-rio-pardo-de-minas","tag-tragedia-em-rio-pardo-de-minas"],"_links":{"self":[{"href":"https:\/\/aconteceunovale.com.br\/portal\/index.php?rest_route=\/wp\/v2\/posts\/29010","targetHints":{"allow":["GET"]}}],"collection":[{"href":"https:\/\/aconteceunovale.com.br\/portal\/index.php?rest_route=\/wp\/v2\/posts"}],"about":[{"href":"https:\/\/aconteceunovale.com.br\/portal\/index.php?rest_route=\/wp\/v2\/types\/post"}],"author":[{"embeddable":true,"href":"https:\/\/aconteceunovale.com.br\/portal\/index.php?rest_route=\/wp\/v2\/users\/1"}],"replies":[{"embeddable":true,"href":"https:\/\/aconteceunovale.com.br\/portal\/index.php?rest_route=%2Fwp%2Fv2%2Fcomments&post=29010"}],"version-history":[{"count":0,"href":"https:\/\/aconteceunovale.com.br\/portal\/index.php?rest_route=\/wp\/v2\/posts\/29010\/revisions"}],"wp:featuredmedia":[{"embeddable":true,"href":"https:\/\/aconteceunovale.com.br\/portal\/index.php?rest_route=\/wp\/v2\/media\/29011"}],"wp:attachment":[{"href":"https:\/\/aconteceunovale.com.br\/portal\/index.php?rest_route=%2Fwp%2Fv2%2Fmedia&parent=29010"}],"wp:term":[{"taxonomy":"category","embeddable":true,"href":"https:\/\/aconteceunovale.com.br\/portal\/index.php?rest_route=%2Fwp%2Fv2%2Fcategories&post=29010"},{"taxonomy":"post_tag","embeddable":true,"href":"https:\/\/aconteceunovale.com.br\/portal\/index.php?rest_route=%2Fwp%2Fv2%2Ftags&post=29010"}],"curies":[{"name":"wp","href":"https:\/\/api.w.org\/{rel}","templated":true}]}}