{"id":28997,"date":"2014-05-14T20:36:15","date_gmt":"2014-05-14T23:36:15","guid":{"rendered":"http:\/\/aconteceunovale.com.br\/portal\/?p=28997"},"modified":"2014-05-14T20:36:15","modified_gmt":"2014-05-14T23:36:15","slug":"aracuai-recebe-o-evento-rua-dos-direitos-humanos","status":"publish","type":"post","link":"https:\/\/aconteceunovale.com.br\/portal\/?p=28997","title":{"rendered":"Ara\u00e7ua\u00ed recebe o evento \u201cRua dos Direitos Humanos\u201d"},"content":{"rendered":"<h4><strong>Evento tem objetivo divulgar declara\u00e7\u00e3o universal dos direitos humanos. Atividades inclui \u00f4nibus com atendimento para mulheres. <\/strong><\/h4>\n<p>A Secretaria Municipal de Desenvolvimento Social de Ara\u00e7ua\u00ed, Vale do Jequitinhonha, realiza a partir desta quarta-feira (14) at\u00e9 sexta-feira (16), a Rua dos Direitos Humanos, na Pra\u00e7a do Mercado Municipal. O evento consiste em uma s\u00e9rie de a\u00e7\u00f5es voltadas para a divulga\u00e7\u00e3o dos direitos e deveres do cidad\u00e3o.<\/p>\n<p>A Rua dos Direitos Humanos \u00e9 uma jun\u00e7\u00e3o de alguns outros eventos, sendo o IV F\u00f3rum da Mulher do Jequitinhonha, Semana Antimanicomial e o funcionamento da Unidade de Atendimento M\u00f3vel para Mulheres do Vale do Jequitinhonha. <\/p>\n<p>\u201cA inten\u00e7\u00e3o \u00e9 divulgar os direitos e junto com eles os deveres do cidad\u00e3o. Al\u00e9m disso, mostrar para todo mundo como ter acesso a esses direitos previstos pelas pol\u00edticas p\u00fablicas\u201d, comenta a secretaria de desenvolvimento social de Ara\u00e7ua\u00ed, Aline Sena Carmona.<\/p>\n<p><img decoding=\"async\" src=\"http:\/\/aconteceunovale.com.br\/portal\/wp-content\/uploads\/2014\/05\/rua_direitos_humanos_ara.jpg\" alt=\"\" \/><em>Rua dos Direitos Humanos tem como o objetivo de divulgar a Declara\u00e7\u00e3o Universal dos Direitos Humanos. (Foto: Andr\u00e9 Luiz de S\u00e1)<\/em><br \/>\n<\/br><\/p>\n<h4><strong>Atendimento M\u00f3vel<\/strong><\/h4>\n<p>Um \u00f4nibus integrante do programa federal \u201cMulher, viver sem viol\u00eancia\u201d foi angariado por iniciativa da Marcha das Margaridas do Vale do Jequitinhonha. Trata-se de uma unidade com capacidade de atendimento jur\u00eddico, social e psicol\u00f3gico para atender os 18 munic\u00edpios da regi\u00e3o.<\/p>\n<p>Conforme Aline Camona, a regi\u00e3o possui \u00edndices altos de viol\u00eancia contra a mulher, principalmente a zona rural.<\/p>\n<p>\u201cA demanda \u00e9 maior nesta \u00e1rea, por motivos culturais. Culturalmente, o agressor n\u00e3o v\u00ea como errado a agress\u00e3o contra os filhos e a mulher. Esses servi\u00e7os tem como objetivo fazer com que esse agressor possa mudar suas atitudes\u201d, comenta.<\/p>\n","protected":false},"excerpt":{"rendered":"<p>Evento tem objetivo divulgar declara\u00e7\u00e3o universal dos direitos humanos. Atividades inclui \u00f4nibus com atendimento para mulheres. A Secretaria Municipal de Desenvolvimento Social de Ara\u00e7ua\u00ed, Vale do Jequitinhonha, realiza a partir desta quarta-feira (14) at\u00e9 sexta-feira (16), a Rua dos Direitos Humanos, na Pra\u00e7a do Mercado Municipal. O evento consiste em uma s\u00e9rie de a\u00e7\u00f5es voltadas [&hellip;]<\/p>\n","protected":false},"author":1,"featured_media":28998,"comment_status":"open","ping_status":"closed","sticky":false,"template":"","format":"standard","meta":{"amp_status":"","footnotes":""},"categories":[125],"tags":[186,7533,7534],"class_list":["post-28997","post","type-post","status-publish","format-standard","has-post-thumbnail","hentry","category-noticias","tag-aracuai","tag-aracuai-recebe-o-evento-rua-dos-direitos-humanos","tag-rua-dos-direitos-humanos-em-aracuai"],"_links":{"self":[{"href":"https:\/\/aconteceunovale.com.br\/portal\/index.php?rest_route=\/wp\/v2\/posts\/28997","targetHints":{"allow":["GET"]}}],"collection":[{"href":"https:\/\/aconteceunovale.com.br\/portal\/index.php?rest_route=\/wp\/v2\/posts"}],"about":[{"href":"https:\/\/aconteceunovale.com.br\/portal\/index.php?rest_route=\/wp\/v2\/types\/post"}],"author":[{"embeddable":true,"href":"https:\/\/aconteceunovale.com.br\/portal\/index.php?rest_route=\/wp\/v2\/users\/1"}],"replies":[{"embeddable":true,"href":"https:\/\/aconteceunovale.com.br\/portal\/index.php?rest_route=%2Fwp%2Fv2%2Fcomments&post=28997"}],"version-history":[{"count":0,"href":"https:\/\/aconteceunovale.com.br\/portal\/index.php?rest_route=\/wp\/v2\/posts\/28997\/revisions"}],"wp:featuredmedia":[{"embeddable":true,"href":"https:\/\/aconteceunovale.com.br\/portal\/index.php?rest_route=\/wp\/v2\/media\/28998"}],"wp:attachment":[{"href":"https:\/\/aconteceunovale.com.br\/portal\/index.php?rest_route=%2Fwp%2Fv2%2Fmedia&parent=28997"}],"wp:term":[{"taxonomy":"category","embeddable":true,"href":"https:\/\/aconteceunovale.com.br\/portal\/index.php?rest_route=%2Fwp%2Fv2%2Fcategories&post=28997"},{"taxonomy":"post_tag","embeddable":true,"href":"https:\/\/aconteceunovale.com.br\/portal\/index.php?rest_route=%2Fwp%2Fv2%2Ftags&post=28997"}],"curies":[{"name":"wp","href":"https:\/\/api.w.org\/{rel}","templated":true}]}}