{"id":28991,"date":"2014-05-14T20:26:03","date_gmt":"2014-05-14T23:26:03","guid":{"rendered":"http:\/\/aconteceunovale.com.br\/portal\/?p=28991"},"modified":"2014-05-14T20:28:17","modified_gmt":"2014-05-14T23:28:17","slug":"menor-confessa-ter-matado-a-propria-irma-em-governador-valadares","status":"publish","type":"post","link":"https:\/\/aconteceunovale.com.br\/portal\/?p=28991","title":{"rendered":"Menor confessa ter matado a pr\u00f3pria irm\u00e3 em Governador Valadares"},"content":{"rendered":"<h4><strong>Crime aconteceu na tarde de domingo (11), no Bairro Novo Horizonte. Adolescente alega que o disparo que matou a sua irm\u00e3 foi acidental.<\/strong><\/h4>\n<p><img decoding=\"async\" src=\"http:\/\/aconteceunovale.com.br\/portal\/wp-content\/uploads\/2014\/05\/menor_gv_matou_irma_14_05.jpg\" alt=\"\" \/><em>Delegado Gean Vitor Fanti ouviu o adolescente na tarde desta quarta-feira (14). (Foto: Diego Souza\/G1)<\/em><br \/>\n<\/br><\/p>\n<p>Uma adolescente de 15 anos \u00e9 suspeito de ter efetuado o <a href=\"http:\/\/aconteceunovale.com.br\/portal\/?p=28695\" target=\"_blank\"><strong>tiro que matou a pr\u00f3pria irm\u00e3 de 16 anos, no \u00faltimo domingo (11), no Bairro Novo Horizonte, em Governador Valadares<\/strong><\/a>, no Leste de Minas Gerais.<\/p>\n<p>O menor que estava foragido se apresentou na tarde desta quarta-feira (14), na delegacia da cidade acompanhado de um advogado e da m\u00e3e.<\/p>\n<p>\u201cT\u00e3o logo fomos informados do crime come\u00e7amos as investiga\u00e7\u00f5es e algumas fontes nos deram informa\u00e7\u00f5es de que o adolescente poderia estar envolvido neste homic\u00eddio. Trabalhando as informa\u00e7\u00f5es que recebemos descobrimos que o menor, mesmo ap\u00f3s a morte da irm\u00e3, n\u00e3o frequentava a pr\u00f3pria casa h\u00e1 dois dias. Negociamos com a m\u00e3e dele que tamb\u00e9m j\u00e1 desconfiava da participa\u00e7\u00e3o do filho e nesta tarde ele se apresentou\u201d, confirma o delegado Gean Vitor Fanti.<\/p>\n<p>Ainda de acordo com o delegado, durante a audi\u00e7\u00e3o do menor, na tarde desta quarta, ele confirmou sua a\u00e7\u00e3o no crime, mas disse que o tiro foi acidental.<\/p>\n<p>\u201cEle disse que na data do fato estava na sua resid\u00eancia quando chegou a sua irm\u00e3 lhe mostrando uma arma, um rev\u00f3lver calibre 32, alegando que a estaria guardando para um amigo, pois o mesmo estaria sofrendo constantes amea\u00e7as. Para verificar a arma se dirigiram para uma casa abandonada e durante o manuseio a v\u00edtima tentou peg\u00e1-la de volta das m\u00e3os do irm\u00e3o, quando ocorreu o disparo\u201d, conta o delegado que investiga a veracidade dos fatos revelados pelo adolescente.<\/p>\n<p>O adolescente teria chamado por uma vizinha pedindo para que ela acionasse o socorro, e em seguida, fugido do local. Para a policia foi importante a apresenta\u00e7\u00e3o e colabora\u00e7\u00e3o do suspeito, mas o delegado destaca que a confiss\u00e3o da participa\u00e7\u00e3o dele no crime n\u00e3o \u00e9 o suficiente para o encerramento do caso.<\/p>\n<p>\u201cComo ele se apresentou espontaneamente e na presen\u00e7a de um advogado, foi liberado e est\u00e1 na casa da m\u00e3e. O inqu\u00e9rito s\u00f3 ser\u00e1 encerrado quando n\u00e3o houver nenhuma d\u00favida sobre a din\u00e2mica do crime e a clara participa\u00e7\u00e3o de todos que por ventura tenha se envolvido no fato\u201d, garante o delegado Gean Vitor Fanti. <strong>(Inter TV dos Vales \/ Por Diego Souza)<\/strong><\/p>\n","protected":false},"excerpt":{"rendered":"<p>Crime aconteceu na tarde de domingo (11), no Bairro Novo Horizonte. Adolescente alega que o disparo que matou a sua irm\u00e3 foi acidental. Delegado Gean Vitor Fanti ouviu o adolescente na tarde desta quarta-feira (14). (Foto: Diego Souza\/G1) Uma adolescente de 15 anos \u00e9 suspeito de ter efetuado o tiro que matou a pr\u00f3pria irm\u00e3 [&hellip;]<\/p>\n","protected":false},"author":1,"featured_media":28992,"comment_status":"open","ping_status":"closed","sticky":false,"template":"","format":"standard","meta":{"amp_status":"","footnotes":""},"categories":[121],"tags":[1018,247,7532],"class_list":["post-28991","post","type-post","status-publish","format-standard","has-post-thumbnail","hentry","category-leste","tag-destaque","tag-governador-valadares","tag-menor-confessa-ter-matado-a-propria-irma-em-governador-valadares"],"_links":{"self":[{"href":"https:\/\/aconteceunovale.com.br\/portal\/index.php?rest_route=\/wp\/v2\/posts\/28991","targetHints":{"allow":["GET"]}}],"collection":[{"href":"https:\/\/aconteceunovale.com.br\/portal\/index.php?rest_route=\/wp\/v2\/posts"}],"about":[{"href":"https:\/\/aconteceunovale.com.br\/portal\/index.php?rest_route=\/wp\/v2\/types\/post"}],"author":[{"embeddable":true,"href":"https:\/\/aconteceunovale.com.br\/portal\/index.php?rest_route=\/wp\/v2\/users\/1"}],"replies":[{"embeddable":true,"href":"https:\/\/aconteceunovale.com.br\/portal\/index.php?rest_route=%2Fwp%2Fv2%2Fcomments&post=28991"}],"version-history":[{"count":0,"href":"https:\/\/aconteceunovale.com.br\/portal\/index.php?rest_route=\/wp\/v2\/posts\/28991\/revisions"}],"wp:featuredmedia":[{"embeddable":true,"href":"https:\/\/aconteceunovale.com.br\/portal\/index.php?rest_route=\/wp\/v2\/media\/28992"}],"wp:attachment":[{"href":"https:\/\/aconteceunovale.com.br\/portal\/index.php?rest_route=%2Fwp%2Fv2%2Fmedia&parent=28991"}],"wp:term":[{"taxonomy":"category","embeddable":true,"href":"https:\/\/aconteceunovale.com.br\/portal\/index.php?rest_route=%2Fwp%2Fv2%2Fcategories&post=28991"},{"taxonomy":"post_tag","embeddable":true,"href":"https:\/\/aconteceunovale.com.br\/portal\/index.php?rest_route=%2Fwp%2Fv2%2Ftags&post=28991"}],"curies":[{"name":"wp","href":"https:\/\/api.w.org\/{rel}","templated":true}]}}