{"id":28978,"date":"2014-05-14T17:31:06","date_gmt":"2014-05-14T20:31:06","guid":{"rendered":"http:\/\/aconteceunovale.com.br\/portal\/?p=28978"},"modified":"2014-05-14T17:31:15","modified_gmt":"2014-05-14T20:31:15","slug":"homem-fica-ferido-em-acidente-no-bairro-sao-cristovao-em-teofilo-otoni","status":"publish","type":"post","link":"https:\/\/aconteceunovale.com.br\/portal\/?p=28978","title":{"rendered":"Homem fica ferido em acidente no Bairro S\u00e3o Crist\u00f3v\u00e3o em Te\u00f3filo Otoni"},"content":{"rendered":"<p>Uma pessoa ficou ferida em um acidente envolvendo um P\u00e1lio e um Fiat Uno na manh\u00e3 desta quarta-feira, 14 de maio, na entrada do Bairro S\u00e3o Crist\u00f3v\u00e3o, na zona norte de Te\u00f3filo Otoni\/MG.<\/p>\n<p>De acordo com informa\u00e7\u00f5es da Pol\u00edcia Rodovi\u00e1ria Federal, um carro saia do bairro e o outro trafegava pela rodovia BR-116, quando aconteceu a colis\u00e3o. O inspetor Valter Daniel, informou que um dos condutores n\u00e3o percebeu ou n\u00e3o obedeceu a placa de parada obrigat\u00f3ria.<\/p>\n<p>Com o impacto da colis\u00e3o, o motorista do Fiat P\u00e1lio ficou ferido. O SAMU foi acionado e compareceu ao local para resgatar a v\u00edtima e encaminhar ao Hospital. Os ocupantes do outro ve\u00edculo n\u00e3o se feriram.<\/p>\n<p>O caso foi entregue ao delegado da \u00e1rea para demais provid\u00eancias.<\/p>\n<p><img decoding=\"async\" src=\"http:\/\/aconteceunovale.com.br\/portal\/wp-content\/uploads\/2014\/05\/acidente_teo_14_05_1.jpg\" alt=\"\" \/><\/p>\n<p><img decoding=\"async\" src=\"http:\/\/aconteceunovale.com.br\/portal\/wp-content\/uploads\/2014\/05\/acidente_teo_14_05_2.jpg\" alt=\"\" \/><\/p>\n<p><strong>(Fotos e informa\u00e7\u00f5es do Jornalista Elvis Passos)<\/strong><\/p>\n","protected":false},"excerpt":{"rendered":"<p>Uma pessoa ficou ferida em um acidente envolvendo um P\u00e1lio e um Fiat Uno na manh\u00e3 desta quarta-feira, 14 de maio, na entrada do Bairro S\u00e3o Crist\u00f3v\u00e3o, na zona norte de Te\u00f3filo Otoni\/MG. De acordo com informa\u00e7\u00f5es da Pol\u00edcia Rodovi\u00e1ria Federal, um carro saia do bairro e o outro trafegava pela rodovia BR-116, quando aconteceu [&hellip;]<\/p>\n","protected":false},"author":1,"featured_media":28979,"comment_status":"open","ping_status":"closed","sticky":false,"template":"","format":"standard","meta":{"amp_status":"","footnotes":""},"categories":[122],"tags":[1018,7529,164],"class_list":["post-28978","post","type-post","status-publish","format-standard","has-post-thumbnail","hentry","category-mucuri","tag-destaque","tag-homem-fica-ferido-em-acidente-no-bairro-sao-cristovao-em-teofilo-otoni","tag-teofilo-otoni"],"_links":{"self":[{"href":"https:\/\/aconteceunovale.com.br\/portal\/index.php?rest_route=\/wp\/v2\/posts\/28978","targetHints":{"allow":["GET"]}}],"collection":[{"href":"https:\/\/aconteceunovale.com.br\/portal\/index.php?rest_route=\/wp\/v2\/posts"}],"about":[{"href":"https:\/\/aconteceunovale.com.br\/portal\/index.php?rest_route=\/wp\/v2\/types\/post"}],"author":[{"embeddable":true,"href":"https:\/\/aconteceunovale.com.br\/portal\/index.php?rest_route=\/wp\/v2\/users\/1"}],"replies":[{"embeddable":true,"href":"https:\/\/aconteceunovale.com.br\/portal\/index.php?rest_route=%2Fwp%2Fv2%2Fcomments&post=28978"}],"version-history":[{"count":0,"href":"https:\/\/aconteceunovale.com.br\/portal\/index.php?rest_route=\/wp\/v2\/posts\/28978\/revisions"}],"wp:featuredmedia":[{"embeddable":true,"href":"https:\/\/aconteceunovale.com.br\/portal\/index.php?rest_route=\/wp\/v2\/media\/28979"}],"wp:attachment":[{"href":"https:\/\/aconteceunovale.com.br\/portal\/index.php?rest_route=%2Fwp%2Fv2%2Fmedia&parent=28978"}],"wp:term":[{"taxonomy":"category","embeddable":true,"href":"https:\/\/aconteceunovale.com.br\/portal\/index.php?rest_route=%2Fwp%2Fv2%2Fcategories&post=28978"},{"taxonomy":"post_tag","embeddable":true,"href":"https:\/\/aconteceunovale.com.br\/portal\/index.php?rest_route=%2Fwp%2Fv2%2Ftags&post=28978"}],"curies":[{"name":"wp","href":"https:\/\/api.w.org\/{rel}","templated":true}]}}