{"id":28975,"date":"2014-05-14T17:09:52","date_gmt":"2014-05-14T20:09:52","guid":{"rendered":"http:\/\/aconteceunovale.com.br\/portal\/?p=28975"},"modified":"2014-05-14T17:09:52","modified_gmt":"2014-05-14T20:09:52","slug":"crea-minas-junior-realiza-xi-seminario-jovens-liderancas-em-diamantina","status":"publish","type":"post","link":"https:\/\/aconteceunovale.com.br\/portal\/?p=28975","title":{"rendered":"Crea-Minas J\u00fanior realiza XI Semin\u00e1rio Jovens Lideran\u00e7as em Diamantina"},"content":{"rendered":"<p>O Conselho Regional de Engenharia e Agronomia de Minas Gerais (Crea-Minas) por meio do seu grupo de trabalho Crea-Minas J\u00fanior, promove de 16 a 18 de maio em Diamantina, regi\u00e3o Norte do Estado, a XI edi\u00e7\u00e3o do Semin\u00e1rio Jovens Lideran\u00e7as. Realizado anualmente, o objetivo \u00e9 reunir os membros dirigentes do grupo para discutir o tema proposto e alinhar as informa\u00e7\u00f5es com os representantes dos n\u00facleos de Minas Gerais. A edi\u00e7\u00e3o deste ano ter\u00e1 como tema \u201cO papel do l\u00edder na constru\u00e7\u00e3o de legado\u201d.<\/p>\n<p>O Crea-Minas J\u00fanior \u00e9 uma inst\u00e2ncia espec\u00edfica para futuros profissionais e rec\u00e9m-formados que serve como mais um canal de interlocu\u00e7\u00e3o com o Conselho. ?O \u00f3rg\u00e3o, que possui mais de 40 n\u00facleos espalhados por todo o Estado, promove discuss\u00f5es, debates, palestras, semin\u00e1rios e visitas t\u00e9cnicas sobre temas relacionados \u00e0s diversas profiss\u00f5es regulamentadas pelo Conselho que s\u00e3o engenharia, agronomia, geografia, geologia e meteorologia.<\/p>\n<p>Para o coordenador adjunto do Crea-Minas J\u00fanior, t\u00e9cnico em eletrot\u00e9cnica Ot\u00e1vio Dutra Pereira Filho, a edi\u00e7\u00e3o de mais um semin\u00e1rio se faz importante justamente por estimular os futuros profissionais \u00e0 pr\u00e1tica, al\u00e9m de contribuir no relacionamento com os representantes dos n\u00facleos. \u201cO nosso intuito principal \u00e9 aproximar o universo acad\u00eamico \u00e0 infraestrutura oferecida pelo Sistema Confea\/Crea, utilizando o espa\u00e7o para contribuir na forma\u00e7\u00e3o desses jovens e criando lideran\u00e7as na \u00e1rea tecnol\u00f3gica\u201d, pontua.<\/p>\n<p>O presidente do Crea-Minas J\u00fanior, rec\u00e9m-formado em engenharia el\u00e9trica Igor Braga Martins, aponta a import\u00e2ncia do Semin\u00e1rio para os acad\u00eamicos e os novos profissionais, al\u00e9m de ser um canal com troca de experi\u00eancias com equipes do Crea Jr de todo o Brasil. \u201cO Crea-Minas J\u00fanior se prop\u00f5e a ser o meio de aproxima\u00e7\u00e3o do seu p\u00fablico com o mercado de trabalho e com o Conselho. \u00c9 ainda um espa\u00e7o para quem busca o incremento da forma\u00e7\u00e3o profissional, o entendimento sobre o papel do Crea-Minas e o desenvolvimento de habilidades e compet\u00eancias gerenciais e de lideran\u00e7a\u201d, ressalta.<\/p>\n<p>O Semin\u00e1rio vai contar ainda com mesa redonda composta pelo presidente do Crea-Minas, o engenheiro civil Jobson Andrade; o convidado palestrante, engenheiro civil sanitarista Gilson Queiroz; o coordenador geral do Crea-Minas J\u00fanior, Tarc\u00edsio Caixeta; a coordenadora dos col\u00e9gios e institui\u00e7\u00f5es de ensino do Crea-Minas, Enid Drumond e a diretora geral do Instituto Mineiro de Gest\u00e3o as \u00c1guas (IGAM), Mar\u00edlia Melo.<\/p>\n<p>Al\u00e9m do Semin\u00e1rio, ser\u00e1 realizado o lan\u00e7amento da segunda edi\u00e7\u00e3o da Feira de Inova\u00e7\u00e3o Tecnol\u00f3gica do Crea-Minas (Feicintec) e da carteirinha do Crea-Minas J\u00fanior. Durante o evento ser\u00e1 promovido tamb\u00e9m o encontro do F\u00f3rum Jovem Nacional, formado pelos representantes dos 21 Creas Jr.\/Jovem do Brasil.<\/p>\n<p>\u00c9 esperada a participa\u00e7\u00e3o de conselheiros federais, coordenadores e conselheiros do grupo de trabalho do Crea-Minas J\u00fanior, al\u00e9m de uma delega\u00e7\u00e3o de lideran\u00e7as do Crea J\u00fanior do Esp\u00edrito Santo. O Semin\u00e1rio de Jovens Lideran\u00e7as ocorrer\u00e1 durante o per\u00edodo da Vesperata, evento cultural de apresenta\u00e7\u00f5es de bandas tradicionais.<\/p>\n<p><strong>Servi\u00e7o:<\/strong> Semin\u00e1rio de Jovens Lideran\u00e7as<\/p>\n<p><strong>Data:<\/strong> 16, 17 e 18\/05<\/p>\n<p><strong>Local:<\/strong> Audit\u00f3rio da Prefeitura Municipal de Diamantina \u2013 Rua da Gl\u00f3ria, 394, Centro Diamantina\/MG.<\/p>\n","protected":false},"excerpt":{"rendered":"<p>O Conselho Regional de Engenharia e Agronomia de Minas Gerais (Crea-Minas) por meio do seu grupo de trabalho Crea-Minas J\u00fanior, promove de 16 a 18 de maio em Diamantina, regi\u00e3o Norte do Estado, a XI edi\u00e7\u00e3o do Semin\u00e1rio Jovens Lideran\u00e7as. Realizado anualmente, o objetivo \u00e9 reunir os membros dirigentes do grupo para discutir o tema [&hellip;]<\/p>\n","protected":false},"author":1,"featured_media":28976,"comment_status":"open","ping_status":"closed","sticky":false,"template":"","format":"standard","meta":{"amp_status":"","footnotes":""},"categories":[125],"tags":[7527,198,7528],"class_list":["post-28975","post","type-post","status-publish","format-standard","has-post-thumbnail","hentry","category-noticias","tag-crea-minas-junior-realiza-xi-seminario-jovens-liderancas-em-diamantina","tag-diamantina","tag-xi-seminario-jovens-liderancas-em-diamantina"],"_links":{"self":[{"href":"https:\/\/aconteceunovale.com.br\/portal\/index.php?rest_route=\/wp\/v2\/posts\/28975","targetHints":{"allow":["GET"]}}],"collection":[{"href":"https:\/\/aconteceunovale.com.br\/portal\/index.php?rest_route=\/wp\/v2\/posts"}],"about":[{"href":"https:\/\/aconteceunovale.com.br\/portal\/index.php?rest_route=\/wp\/v2\/types\/post"}],"author":[{"embeddable":true,"href":"https:\/\/aconteceunovale.com.br\/portal\/index.php?rest_route=\/wp\/v2\/users\/1"}],"replies":[{"embeddable":true,"href":"https:\/\/aconteceunovale.com.br\/portal\/index.php?rest_route=%2Fwp%2Fv2%2Fcomments&post=28975"}],"version-history":[{"count":0,"href":"https:\/\/aconteceunovale.com.br\/portal\/index.php?rest_route=\/wp\/v2\/posts\/28975\/revisions"}],"wp:featuredmedia":[{"embeddable":true,"href":"https:\/\/aconteceunovale.com.br\/portal\/index.php?rest_route=\/wp\/v2\/media\/28976"}],"wp:attachment":[{"href":"https:\/\/aconteceunovale.com.br\/portal\/index.php?rest_route=%2Fwp%2Fv2%2Fmedia&parent=28975"}],"wp:term":[{"taxonomy":"category","embeddable":true,"href":"https:\/\/aconteceunovale.com.br\/portal\/index.php?rest_route=%2Fwp%2Fv2%2Fcategories&post=28975"},{"taxonomy":"post_tag","embeddable":true,"href":"https:\/\/aconteceunovale.com.br\/portal\/index.php?rest_route=%2Fwp%2Fv2%2Ftags&post=28975"}],"curies":[{"name":"wp","href":"https:\/\/api.w.org\/{rel}","templated":true}]}}