{"id":28971,"date":"2014-05-14T17:02:58","date_gmt":"2014-05-14T20:02:58","guid":{"rendered":"http:\/\/aconteceunovale.com.br\/portal\/?p=28971"},"modified":"2014-05-14T17:02:58","modified_gmt":"2014-05-14T20:02:58","slug":"motociclista-fica-ferido-em-acidente-envolvendo-onibus-em-governador-valadares","status":"publish","type":"post","link":"https:\/\/aconteceunovale.com.br\/portal\/?p=28971","title":{"rendered":"Motociclista fica ferido em acidente envolvendo \u00f4nibus em Governador Valadares"},"content":{"rendered":"<p>Um motociclista ficou gravemente ferido em um acidente envolvendo um \u00f4nibus de transporte coletivo na noite desta ter\u00e7a-feira, 13 de maio, em Governador Valadares\/MG.<\/p>\n<p>A colis\u00e3o aconteceu no cruzamento das Avenidas Lisboa e Roma no Bairro Gr\u00e3-Duquesa. O motociclista teria pegado a moto emprestada com um colega de trabalho para ir at\u00e9 sua resid\u00eancia. De acordo com uma testemunha que presenciou o fato, o \u00f4nibus avan\u00e7ou sentido Avenida Roma e n\u00e3o deu prefer\u00eancia para o motociclista que trafegava na Avenida Lisboa.<\/p>\n<p>A v\u00edtima permanece internada no Hospital Municipal da cidade e o seu estado de sa\u00fade \u00e9 grav\u00edssimo. O \u00faltimo boletim de sa\u00fade foi comunicado pela assessoria de comunica\u00e7\u00e3o da unidade hospitalar por volta das 14 horas e 30 minutos.<\/p>\n<p>O motorista e os passageiros do \u00f4nibus n\u00e3o tiveram ferimentos.<\/p>\n<p><img decoding=\"async\" src=\"http:\/\/aconteceunovale.com.br\/portal\/wp-content\/uploads\/2014\/05\/acidente_motociclista_gv_14_05.jpg\" alt=\"\" \/><em>(Foto: Kayt Mattos\/Inter TV dos Vales)<\/em><br \/>\n<\/br><\/p>\n<p><img decoding=\"async\" src=\"http:\/\/aconteceunovale.com.br\/portal\/wp-content\/uploads\/2014\/05\/acidente_motociclista_gv_14_05_2.jpg\" alt=\"\" \/><em>(Foto: Lorena Santos \/ Caso de Pol\u00edcia)<\/em><br \/>\n<\/br><\/p>\n<p><strong>(Fonte: Inter TV com altera\u00e7\u00f5es)<\/strong><\/p>\n","protected":false},"excerpt":{"rendered":"<p>Um motociclista ficou gravemente ferido em um acidente envolvendo um \u00f4nibus de transporte coletivo na noite desta ter\u00e7a-feira, 13 de maio, em Governador Valadares\/MG. A colis\u00e3o aconteceu no cruzamento das Avenidas Lisboa e Roma no Bairro Gr\u00e3-Duquesa. O motociclista teria pegado a moto emprestada com um colega de trabalho para ir at\u00e9 sua resid\u00eancia. De [&hellip;]<\/p>\n","protected":false},"author":1,"featured_media":0,"comment_status":"open","ping_status":"closed","sticky":false,"template":"","format":"standard","meta":{"amp_status":"","footnotes":""},"categories":[121],"tags":[247,7526],"class_list":["post-28971","post","type-post","status-publish","format-standard","hentry","category-leste","tag-governador-valadares","tag-motociclista-fica-ferido-em-acidente-envolvendo-onibus-em-governador-valadares"],"_links":{"self":[{"href":"https:\/\/aconteceunovale.com.br\/portal\/index.php?rest_route=\/wp\/v2\/posts\/28971","targetHints":{"allow":["GET"]}}],"collection":[{"href":"https:\/\/aconteceunovale.com.br\/portal\/index.php?rest_route=\/wp\/v2\/posts"}],"about":[{"href":"https:\/\/aconteceunovale.com.br\/portal\/index.php?rest_route=\/wp\/v2\/types\/post"}],"author":[{"embeddable":true,"href":"https:\/\/aconteceunovale.com.br\/portal\/index.php?rest_route=\/wp\/v2\/users\/1"}],"replies":[{"embeddable":true,"href":"https:\/\/aconteceunovale.com.br\/portal\/index.php?rest_route=%2Fwp%2Fv2%2Fcomments&post=28971"}],"version-history":[{"count":0,"href":"https:\/\/aconteceunovale.com.br\/portal\/index.php?rest_route=\/wp\/v2\/posts\/28971\/revisions"}],"wp:attachment":[{"href":"https:\/\/aconteceunovale.com.br\/portal\/index.php?rest_route=%2Fwp%2Fv2%2Fmedia&parent=28971"}],"wp:term":[{"taxonomy":"category","embeddable":true,"href":"https:\/\/aconteceunovale.com.br\/portal\/index.php?rest_route=%2Fwp%2Fv2%2Fcategories&post=28971"},{"taxonomy":"post_tag","embeddable":true,"href":"https:\/\/aconteceunovale.com.br\/portal\/index.php?rest_route=%2Fwp%2Fv2%2Ftags&post=28971"}],"curies":[{"name":"wp","href":"https:\/\/api.w.org\/{rel}","templated":true}]}}