{"id":28968,"date":"2014-05-14T16:39:36","date_gmt":"2014-05-14T19:39:36","guid":{"rendered":"http:\/\/aconteceunovale.com.br\/portal\/?p=28968"},"modified":"2014-05-14T16:39:36","modified_gmt":"2014-05-14T19:39:36","slug":"programa-para-fortalecer-alimentacao-escolar-avanca-no-interior-do-estado-de-minas-gerais","status":"publish","type":"post","link":"https:\/\/aconteceunovale.com.br\/portal\/?p=28968","title":{"rendered":"Programa para fortalecer alimenta\u00e7\u00e3o escolar avan\u00e7a no interior do estado de Minas Gerais"},"content":{"rendered":"<h4><strong>Semin\u00e1rio em Diamantina mostra a\u00e7\u00f5es para beneficiar estudantes e agricultores familiares de Minas Gerais<\/strong><\/h4>\n<p>Ser\u00e1 aberto nesta quinta-feira (15\/05), na Pousada do Garimpo, em Diamantina, no Vale do Jequitinhonha, o Semin\u00e1rio Regional do Programa Cultivar, Nutrir e Educar. Haver\u00e1 uma apresenta\u00e7\u00e3o, \u00e0s 15h, sobre o projeto Fortalecimento da Agricultura Familiar para o Abastecimento Alimentar, por Lucas Oliveira Scarascia, superintendente de Abastecimento Alimentar e Comercializa\u00e7\u00e3o da Subsecretaria de Agricultura Familiar e Regulariza\u00e7\u00e3o Fundi\u00e1ria da Secretaria de Agricultura, Pecu\u00e1ria e Abastecimento (Seapa).<\/p>\n<p>O programa estruturador Cultivar, Nutrir e Educar foi criado pelo Governo de Minas Gerais para garantir o direito humano \u00e0 alimenta\u00e7\u00e3o saud\u00e1vel, adequada e solid\u00e1ria para os alunos da rede p\u00fablica de ensino do Estado. As a\u00e7\u00f5es do programa est\u00e3o voltadas para promover a educa\u00e7\u00e3o alimentar e nutricional e fortalecer a alimenta\u00e7\u00e3o escolar. Ao mesmo tempo, o programa apoia a produ\u00e7\u00e3o, o beneficiamento e a comercializa\u00e7\u00e3o de alimentos da agricultura familiar para o abastecimento das escolas. <\/p>\n<p>De acordo com Scarascia, o Cultivar, Nutrir e Educar alcan\u00e7ava 130 munic\u00edpios mineiros em 2013 e, para 2014, est\u00e1 prevista a inclus\u00e3o de mais 90 munic\u00edpios e o atendimento alcan\u00e7ar\u00e1 1.200 agricultores. Na regi\u00e3o ser\u00e3o inclu\u00eddos no projeto: Concei\u00e7\u00e3o do Mato Dentro, Igarap\u00e9, Itabira, Itabirito, Itamarandiba, M\u00e1rio Campos, Ouro Preto, Rio Vermelho, Serro e Virgin\u00f3polis. As escolas desses munic\u00edpios ser\u00e3o tamb\u00e9m atendidas pelo Cultivar, Nutrir e Educar. <\/p>\n<p>\u201cTrata-se de um programa t\u00e3o importante que o desenvolvimento de suas a\u00e7\u00f5es envolve o esfor\u00e7o conjunto de quatro secretarias de Estado: Secretaria-Geral da Governadoria, por meio do Comit\u00ea Tem\u00e1tico de Seguran\u00e7a Alimentar e Nutricional Sustent\u00e1vel (CTSANS), Secretaria de Educa\u00e7\u00e3o (SEE), Secretaria de Sa\u00fade (SES), e Secretaria de Agricultura, Pecu\u00e1ria e Abastecimento (Seapa), por interm\u00e9dio da Subsecretaria de Agricultura Familiar e Regulariza\u00e7\u00e3o Fundi\u00e1ria\u201d, explica o superintendente.<\/p>\n<p>A parceria desses \u00f3rg\u00e3os tem por objetivo o cumprimento da Lei Federal 11.947\/2009, que estabelece o compromisso de as escolas estaduais adquirirem dos agricultores familiares 30% dos alimentos necess\u00e1rios \u00e0 composi\u00e7\u00e3o da alimenta\u00e7\u00e3o dos estudantes. \u201cUma das propostas do programa \u00e9 organizar, capacitar e tornar aptos os agricultores familiares para atenderem ao mercado institucional das escolas p\u00fablicas estaduais\u201d, enfatiza. <\/p>\n<p>\u201cO projeto fortalece o trabalho que v\u00eam desenvolvendo a Empresa de Assist\u00eancia T\u00e9cnica e Extens\u00e3o Rural de Minas Gerais (Emater-MG) e Instituto Mineiro de Agropecu\u00e1ria (IMA), vinculados \u00e0 Seapa\u201d, diz ainda Scarascia. \u201cA parceria com esses \u00f3rg\u00e3os tem garantido diversos benef\u00edcios para a realiza\u00e7\u00e3o das a\u00e7\u00f5es.\u201d<\/p>\n<h4><strong>Programa\u00e7\u00e3o<\/strong><\/h4>\n<p>O semin\u00e1rio ser\u00e1 aberto \u00e0s 9h30 com uma apresenta\u00e7\u00e3o do bispo Dom Mauro Morelli sobre o Bin\u00f4mio Educa\u00e7\u00e3o e Nutri\u00e7\u00e3o: Direito Humano \u00e0 Alimenta\u00e7\u00e3o Saud\u00e1vel, Adequada e Solid\u00e1ria. Em seguida haver\u00e1 a palestra da gerente do Cultivar, Nutrir e Educar no Sisan (Sistema de Seguran\u00e7a Alimentar e Nutricional), Jaqueline Junqueira. <\/p>\n<p>A programa\u00e7\u00e3o da tarde come\u00e7a com palestra sobre Processo: Alimenta\u00e7\u00e3o Escolar, com Clarice Ferreira Dutra. Depois o projeto Estrat\u00e9gias Nutricionais de Promo\u00e7\u00e3o \u00e0 Sa\u00fade ser\u00e1 analisado pela gerente \u00c2ngela Vieira, e em seguida Lucas Scarascia far\u00e1 sua apresenta\u00e7\u00e3o. Fechando a parte de palestras, Rafael Rodrigues de Almeida, t\u00e9cnico em agropecu\u00e1ria do IMA, vai dar explica\u00e7\u00f5es sobre o Diagn\u00f3stico e Cadastramentos das Agroind\u00fastrias Familiares    <\/p>\n<p>Para a sexta-feira (16\/05) est\u00e3o programados trabalho em grupo e apresenta\u00e7\u00e3o da agenda de compromissos das institui\u00e7\u00f5es que desenvolvem o Cultivar, Nutrir e Educar.<\/p>\n","protected":false},"excerpt":{"rendered":"<p>Semin\u00e1rio em Diamantina mostra a\u00e7\u00f5es para beneficiar estudantes e agricultores familiares de Minas Gerais Ser\u00e1 aberto nesta quinta-feira (15\/05), na Pousada do Garimpo, em Diamantina, no Vale do Jequitinhonha, o Semin\u00e1rio Regional do Programa Cultivar, Nutrir e Educar. Haver\u00e1 uma apresenta\u00e7\u00e3o, \u00e0s 15h, sobre o projeto Fortalecimento da Agricultura Familiar para o Abastecimento Alimentar, por [&hellip;]<\/p>\n","protected":false},"author":1,"featured_media":28969,"comment_status":"open","ping_status":"closed","sticky":false,"template":"","format":"standard","meta":{"amp_status":"","footnotes":""},"categories":[123],"tags":[628,1493,202,1499,149,7524,211,7525,445,154,332],"class_list":["post-28968","post","type-post","status-publish","format-standard","has-post-thumbnail","hentry","category-gerais","tag-conceicao-do-mato-dentro","tag-igarape","tag-itabira","tag-itabirito","tag-itamarandiba","tag-mario-campos","tag-ouro-preto","tag-programa-para-fortalecer-alimentacao-escolar-avanca-no-interior-do-estado-de-minas-gerais","tag-rio-vermelho","tag-serro","tag-virginopolis"],"_links":{"self":[{"href":"https:\/\/aconteceunovale.com.br\/portal\/index.php?rest_route=\/wp\/v2\/posts\/28968","targetHints":{"allow":["GET"]}}],"collection":[{"href":"https:\/\/aconteceunovale.com.br\/portal\/index.php?rest_route=\/wp\/v2\/posts"}],"about":[{"href":"https:\/\/aconteceunovale.com.br\/portal\/index.php?rest_route=\/wp\/v2\/types\/post"}],"author":[{"embeddable":true,"href":"https:\/\/aconteceunovale.com.br\/portal\/index.php?rest_route=\/wp\/v2\/users\/1"}],"replies":[{"embeddable":true,"href":"https:\/\/aconteceunovale.com.br\/portal\/index.php?rest_route=%2Fwp%2Fv2%2Fcomments&post=28968"}],"version-history":[{"count":0,"href":"https:\/\/aconteceunovale.com.br\/portal\/index.php?rest_route=\/wp\/v2\/posts\/28968\/revisions"}],"wp:featuredmedia":[{"embeddable":true,"href":"https:\/\/aconteceunovale.com.br\/portal\/index.php?rest_route=\/wp\/v2\/media\/28969"}],"wp:attachment":[{"href":"https:\/\/aconteceunovale.com.br\/portal\/index.php?rest_route=%2Fwp%2Fv2%2Fmedia&parent=28968"}],"wp:term":[{"taxonomy":"category","embeddable":true,"href":"https:\/\/aconteceunovale.com.br\/portal\/index.php?rest_route=%2Fwp%2Fv2%2Fcategories&post=28968"},{"taxonomy":"post_tag","embeddable":true,"href":"https:\/\/aconteceunovale.com.br\/portal\/index.php?rest_route=%2Fwp%2Fv2%2Ftags&post=28968"}],"curies":[{"name":"wp","href":"https:\/\/api.w.org\/{rel}","templated":true}]}}