{"id":28963,"date":"2014-05-14T16:13:16","date_gmt":"2014-05-14T19:13:16","guid":{"rendered":"http:\/\/aconteceunovale.com.br\/portal\/?p=28963"},"modified":"2014-05-14T16:13:16","modified_gmt":"2014-05-14T19:13:16","slug":"homem-e-baleado-no-bairro-planalto-em-almenara","status":"publish","type":"post","link":"https:\/\/aconteceunovale.com.br\/portal\/?p=28963","title":{"rendered":"Homem \u00e9 baleado no Bairro Planalto em Almenara"},"content":{"rendered":"<p>Um homem ainda n\u00e3o identificado foi baleado no in\u00edcio da tarde desta quarta-feira, 14 de maio, na Avenida Minas Gerais, no Bairro Planalto, em Almenara\/MG. O atirador acertou o pesco\u00e7o da v\u00edtima, que conseguiu chegar at\u00e9 um bar e pedir socorro. <\/p>\n<p>Moradores do local relataram que ouviram o barulho de um tiro, mas n\u00e3o puderam identificar o autor, que fugiu ap\u00f3s a a\u00e7\u00e3o criminosa. <\/p>\n<p>A Pol\u00edcia Militar foi acionada e o rapaz que perdia muito sangue pela boca e nariz, foi socorrido e encaminhado para o Hospital Deraldo Guimar\u00e3es.<\/p>\n<p>Ainda n\u00e3o se sabe a motiva\u00e7\u00e3o da tentativa de homic\u00eddio. <\/p>\n<p><img decoding=\"async\" src=\"http:\/\/aconteceunovale.com.br\/portal\/wp-content\/uploads\/2014\/05\/levou_tiro_em_almenara_14_05_1.jpg\" alt=\"\" \/><br \/>\n<img decoding=\"async\" src=\"http:\/\/aconteceunovale.com.br\/portal\/wp-content\/uploads\/2014\/05\/levou_tiro_em_almenara_14_05_2.jpg\" alt=\"\" \/><br \/>\n<img decoding=\"async\" src=\"http:\/\/aconteceunovale.com.br\/portal\/wp-content\/uploads\/2014\/05\/levou_tiro_em_almenara_14_05_3.jpg\" alt=\"\" \/><\/p>\n<p><strong>(Fotos e informa\u00e7\u00f5es do Di\u00e1rio do Jequi)<\/strong><\/p>\n","protected":false},"excerpt":{"rendered":"<p>Um homem ainda n\u00e3o identificado foi baleado no in\u00edcio da tarde desta quarta-feira, 14 de maio, na Avenida Minas Gerais, no Bairro Planalto, em Almenara\/MG. O atirador acertou o pesco\u00e7o da v\u00edtima, que conseguiu chegar at\u00e9 um bar e pedir socorro. Moradores do local relataram que ouviram o barulho de um tiro, mas n\u00e3o puderam [&hellip;]<\/p>\n","protected":false},"author":1,"featured_media":28966,"comment_status":"open","ping_status":"closed","sticky":false,"template":"","format":"standard","meta":{"amp_status":"","footnotes":""},"categories":[120],"tags":[142,7523],"class_list":["post-28963","post","type-post","status-publish","format-standard","has-post-thumbnail","hentry","category-jequi","tag-almenara","tag-homem-e-baleado-no-bairro-planalto-em-almenara"],"_links":{"self":[{"href":"https:\/\/aconteceunovale.com.br\/portal\/index.php?rest_route=\/wp\/v2\/posts\/28963","targetHints":{"allow":["GET"]}}],"collection":[{"href":"https:\/\/aconteceunovale.com.br\/portal\/index.php?rest_route=\/wp\/v2\/posts"}],"about":[{"href":"https:\/\/aconteceunovale.com.br\/portal\/index.php?rest_route=\/wp\/v2\/types\/post"}],"author":[{"embeddable":true,"href":"https:\/\/aconteceunovale.com.br\/portal\/index.php?rest_route=\/wp\/v2\/users\/1"}],"replies":[{"embeddable":true,"href":"https:\/\/aconteceunovale.com.br\/portal\/index.php?rest_route=%2Fwp%2Fv2%2Fcomments&post=28963"}],"version-history":[{"count":0,"href":"https:\/\/aconteceunovale.com.br\/portal\/index.php?rest_route=\/wp\/v2\/posts\/28963\/revisions"}],"wp:featuredmedia":[{"embeddable":true,"href":"https:\/\/aconteceunovale.com.br\/portal\/index.php?rest_route=\/wp\/v2\/media\/28966"}],"wp:attachment":[{"href":"https:\/\/aconteceunovale.com.br\/portal\/index.php?rest_route=%2Fwp%2Fv2%2Fmedia&parent=28963"}],"wp:term":[{"taxonomy":"category","embeddable":true,"href":"https:\/\/aconteceunovale.com.br\/portal\/index.php?rest_route=%2Fwp%2Fv2%2Fcategories&post=28963"},{"taxonomy":"post_tag","embeddable":true,"href":"https:\/\/aconteceunovale.com.br\/portal\/index.php?rest_route=%2Fwp%2Fv2%2Ftags&post=28963"}],"curies":[{"name":"wp","href":"https:\/\/api.w.org\/{rel}","templated":true}]}}