{"id":28943,"date":"2014-05-14T13:33:01","date_gmt":"2014-05-14T16:33:01","guid":{"rendered":"http:\/\/aconteceunovale.com.br\/portal\/?p=28943"},"modified":"2014-05-14T13:38:36","modified_gmt":"2014-05-14T16:38:36","slug":"servidores-estaduais-da-saude-decidem-entrar-em-greve-a-partir-do-dia-27","status":"publish","type":"post","link":"https:\/\/aconteceunovale.com.br\/portal\/?p=28943","title":{"rendered":"Servidores da sa\u00fade de Minas Gerais entrar\u00e3o em greve a partir do dia 27 de maio"},"content":{"rendered":"<p>Os servidores estaduais da sa\u00fade de Minas Gerais decidiram entrar em greve, por tempo indeterminado, a partir do pr\u00f3ximo dia 27. A decis\u00e3o foi tomada na manh\u00e3 desta quarta-feira (14), ap\u00f3s assembleia realizada em frente ao Hospital de Pronto-Socorro Jo\u00e3o XXIII.<\/p>\n<p>Dentre outras pautas, a categoria reivindica reajuste salarial, redu\u00e7\u00e3o da carga hor\u00e1ria de 40 para 30 horas semanais, al\u00e9m de implanta\u00e7\u00e3o de plano de cargo e carreira. &#8220;Apresentamos uma proposta para o Governo h\u00e1 quase um ano e meio e at\u00e9 hoje n\u00e3o tivemos retorno&#8221;, denuncia Neuza Freitas, do Sindicato \u00danico dos Trabalhadores da Sa\u00fade de Minas Gerais (Sind-Sa\u00fade\/MG). Conforme ela, cerca de 300 trabalhadores participaram da reuni\u00e3o.<\/p>\n<p><img decoding=\"async\" src=\"http:\/\/aconteceunovale.com.br\/portal\/wp-content\/uploads\/2014\/05\/servidores_saude_mg_em_greve.jpg\" alt=\"\" \/><em><strong>Servidores da sa\u00fade durante protesto na Pra\u00e7a 7, no Centro de BH &#8211; Foto: Samuel Costa\/Hoje em Dia<\/strong><\/em><br \/>\n<\/br><\/p>\n<p>Ap\u00f3s o encontro, o grupo saiu em passeata pela avenida Afonso Pena, onde promove um ato na Pra\u00e7a 7. O Batalh\u00e3o de Tr\u00e2nsito da Pol\u00edcia Militar (BPTran) informou que o tr\u00e2nsito est\u00e1 complicado na \u00e1rea central por causa do protesto.<\/p>\n<p>Em nota, o Governo de Minas informou que mant\u00e9m di\u00e1logo permanente com os servidores, por meio do Comit\u00ea de Negocia\u00e7\u00e3o Sindical (Cones) e de reuni\u00f5es espec\u00edficas com a categoria. &#8220;No final do ano, foram assinados acordos com o Sindicato \u00danico dos Trabalhadores da Sa\u00fade de Minas Gerais (Sind-Sa\u00fade) e outras entidades representativas do Sistema de Sa\u00fade. Os pontos acordados est\u00e3o sendo cumpridos, n\u00e3o havendo motiva\u00e7\u00e3o para realiza\u00e7\u00e3o de novas manifesta\u00e7\u00f5es e paralisa\u00e7\u00f5es, conforme compromisso firmado entre a categoria e o Governo&#8221;, diz trecho do documento. <\/p>\n<p>Com rela\u00e7\u00e3o \u00e0 redu\u00e7\u00e3o da carga hor\u00e1ria, com remunera\u00e7\u00e3o proporcional, o Estado informou que j\u00e1 foram atendidos 2.160 pedidos, o que representa 90,79% das solicita\u00e7\u00f5es.  Ainda na nota, o Governo assegurou que est\u00e1 tomando todas as medidas necess\u00e1rias para assegurar a assist\u00eancia integral dos usu\u00e1rios nas unidades hospitalares. <strong>(Hoje em Dia)<\/strong><\/p>\n","protected":false},"excerpt":{"rendered":"<p>Os servidores estaduais da sa\u00fade de Minas Gerais decidiram entrar em greve, por tempo indeterminado, a partir do pr\u00f3ximo dia 27. A decis\u00e3o foi tomada na manh\u00e3 desta quarta-feira (14), ap\u00f3s assembleia realizada em frente ao Hospital de Pronto-Socorro Jo\u00e3o XXIII. Dentre outras pautas, a categoria reivindica reajuste salarial, redu\u00e7\u00e3o da carga hor\u00e1ria de 40 [&hellip;]<\/p>\n","protected":false},"author":1,"featured_media":28944,"comment_status":"open","ping_status":"closed","sticky":false,"template":"","format":"standard","meta":{"amp_status":"","footnotes":""},"categories":[123],"tags":[1018,7516,7518],"class_list":["post-28943","post","type-post","status-publish","format-standard","has-post-thumbnail","hentry","category-gerais","tag-destaque","tag-greve-dos-servidores-estaduais-da-saude","tag-servidores-da-saude-de-minas-gerais-entrarao-em-greve-a-partir-do-dia-27-de-maio"],"_links":{"self":[{"href":"https:\/\/aconteceunovale.com.br\/portal\/index.php?rest_route=\/wp\/v2\/posts\/28943","targetHints":{"allow":["GET"]}}],"collection":[{"href":"https:\/\/aconteceunovale.com.br\/portal\/index.php?rest_route=\/wp\/v2\/posts"}],"about":[{"href":"https:\/\/aconteceunovale.com.br\/portal\/index.php?rest_route=\/wp\/v2\/types\/post"}],"author":[{"embeddable":true,"href":"https:\/\/aconteceunovale.com.br\/portal\/index.php?rest_route=\/wp\/v2\/users\/1"}],"replies":[{"embeddable":true,"href":"https:\/\/aconteceunovale.com.br\/portal\/index.php?rest_route=%2Fwp%2Fv2%2Fcomments&post=28943"}],"version-history":[{"count":0,"href":"https:\/\/aconteceunovale.com.br\/portal\/index.php?rest_route=\/wp\/v2\/posts\/28943\/revisions"}],"wp:featuredmedia":[{"embeddable":true,"href":"https:\/\/aconteceunovale.com.br\/portal\/index.php?rest_route=\/wp\/v2\/media\/28944"}],"wp:attachment":[{"href":"https:\/\/aconteceunovale.com.br\/portal\/index.php?rest_route=%2Fwp%2Fv2%2Fmedia&parent=28943"}],"wp:term":[{"taxonomy":"category","embeddable":true,"href":"https:\/\/aconteceunovale.com.br\/portal\/index.php?rest_route=%2Fwp%2Fv2%2Fcategories&post=28943"},{"taxonomy":"post_tag","embeddable":true,"href":"https:\/\/aconteceunovale.com.br\/portal\/index.php?rest_route=%2Fwp%2Fv2%2Ftags&post=28943"}],"curies":[{"name":"wp","href":"https:\/\/api.w.org\/{rel}","templated":true}]}}