{"id":28934,"date":"2014-05-14T11:39:44","date_gmt":"2014-05-14T14:39:44","guid":{"rendered":"http:\/\/aconteceunovale.com.br\/portal\/?p=28934"},"modified":"2014-05-14T11:39:44","modified_gmt":"2014-05-14T14:39:44","slug":"viatura-da-policia-militar-e-incendiada-em-padre-paraiso","status":"publish","type":"post","link":"https:\/\/aconteceunovale.com.br\/portal\/?p=28934","title":{"rendered":"Viatura da Pol\u00edcia Militar \u00e9 incendiada em Padre Para\u00edso"},"content":{"rendered":"<p>Uma viatura GM\/blazer da Pol\u00edcia Militar foi incendiada na noite desse ter\u00e7a-feira (13), na cidade de Padre Para\u00edso. Segundo informa\u00e7\u00f5es da PM, o carro estava em frente \u00e0 escola Doutor C\u00e2ndido Ulh\u00f4a, em chamas.<\/p>\n<p>Militares tentaram apagar o fogo utilizando o pr\u00f3prio extintor de inc\u00eandio da viatura, mas n\u00e3o conseguiram. Devido \u00e0 falta de Corpo de Bombeiros na cidade, populares utilizaram baldes de \u00e1gua, e uma mangueira de uma resid\u00eancia vizinha, at\u00e9 que as chamas foram apagadas.<\/p>\n<p>Em uma avalia\u00e7\u00e3o preliminar, foi verificado que os pneus traseiros ficaram totalmente queimados, parte dos bancos traseiros foram queimados, o para-brisa estourou e grande parte da lateria ficou danificada. <\/p>\n<p>Segundo a PM, as causas do inc\u00eandio ainda ser\u00e3o investigadas, mas h\u00e1 a suspeita de que tenha sido criminoso. Testemunhas que estavam pr\u00f3ximas da viatura relataram aos policiais que o inc\u00eandio teria iniciado de repente, e n\u00e3o foi poss\u00edvel perceber a causa, entretanto, falaram que havia muitas crian\u00e7as e adolescentes &#8220;soltando&#8221; fogos de artif\u00edcios nas proximidades, visto que acontecia uma festa na escola.<\/p>\n","protected":false},"excerpt":{"rendered":"<p>Uma viatura GM\/blazer da Pol\u00edcia Militar foi incendiada na noite desse ter\u00e7a-feira (13), na cidade de Padre Para\u00edso. Segundo informa\u00e7\u00f5es da PM, o carro estava em frente \u00e0 escola Doutor C\u00e2ndido Ulh\u00f4a, em chamas. Militares tentaram apagar o fogo utilizando o pr\u00f3prio extintor de inc\u00eandio da viatura, mas n\u00e3o conseguiram. Devido \u00e0 falta de Corpo [&hellip;]<\/p>\n","protected":false},"author":1,"featured_media":26880,"comment_status":"open","ping_status":"closed","sticky":false,"template":"","format":"standard","meta":{"amp_status":"","footnotes":""},"categories":[120],"tags":[572,7511],"class_list":["post-28934","post","type-post","status-publish","format-standard","has-post-thumbnail","hentry","category-jequi","tag-padre-paraiso","tag-viatura-da-policia-militar-e-incendiada-em-padre-paraiso"],"_links":{"self":[{"href":"https:\/\/aconteceunovale.com.br\/portal\/index.php?rest_route=\/wp\/v2\/posts\/28934","targetHints":{"allow":["GET"]}}],"collection":[{"href":"https:\/\/aconteceunovale.com.br\/portal\/index.php?rest_route=\/wp\/v2\/posts"}],"about":[{"href":"https:\/\/aconteceunovale.com.br\/portal\/index.php?rest_route=\/wp\/v2\/types\/post"}],"author":[{"embeddable":true,"href":"https:\/\/aconteceunovale.com.br\/portal\/index.php?rest_route=\/wp\/v2\/users\/1"}],"replies":[{"embeddable":true,"href":"https:\/\/aconteceunovale.com.br\/portal\/index.php?rest_route=%2Fwp%2Fv2%2Fcomments&post=28934"}],"version-history":[{"count":0,"href":"https:\/\/aconteceunovale.com.br\/portal\/index.php?rest_route=\/wp\/v2\/posts\/28934\/revisions"}],"wp:featuredmedia":[{"embeddable":true,"href":"https:\/\/aconteceunovale.com.br\/portal\/index.php?rest_route=\/wp\/v2\/media\/26880"}],"wp:attachment":[{"href":"https:\/\/aconteceunovale.com.br\/portal\/index.php?rest_route=%2Fwp%2Fv2%2Fmedia&parent=28934"}],"wp:term":[{"taxonomy":"category","embeddable":true,"href":"https:\/\/aconteceunovale.com.br\/portal\/index.php?rest_route=%2Fwp%2Fv2%2Fcategories&post=28934"},{"taxonomy":"post_tag","embeddable":true,"href":"https:\/\/aconteceunovale.com.br\/portal\/index.php?rest_route=%2Fwp%2Fv2%2Ftags&post=28934"}],"curies":[{"name":"wp","href":"https:\/\/api.w.org\/{rel}","templated":true}]}}