{"id":28919,"date":"2014-05-14T10:19:48","date_gmt":"2014-05-14T13:19:48","guid":{"rendered":"http:\/\/aconteceunovale.com.br\/portal\/?p=28919"},"modified":"2014-05-14T20:31:59","modified_gmt":"2014-05-14T23:31:59","slug":"familia-inteira-morre-carbonizada-em-rio-pardo-de-minas","status":"publish","type":"post","link":"https:\/\/aconteceunovale.com.br\/portal\/?p=28919","title":{"rendered":"Fam\u00edlia inteira morre carbonizada em Rio Pardo de Minas"},"content":{"rendered":"<p>Os corpos de quatro pessoas da mesma fam\u00edlia foram encontrados carbonizados na manh\u00e3 desta quarta-feira, 14 de maio, na Rua S\u00e3o Jo\u00e3o do Para\u00edso, no Bairro Esplanada, em Rio Pardo de Minas, no Norte de Minas Gerais. A Pol\u00edcia Militar foi acionada via 190 e ao comparecerem no local deparam com os corpos dentro de um dos quartos da resid\u00eancia.<\/p>\n<p><img decoding=\"async\" src=\"http:\/\/aconteceunovale.com.br\/portal\/wp-content\/uploads\/2014\/05\/incendio_casa_rio_pardo_14_05.jpg\" alt=\"\" \/><strong><em>(Quarto onde as v\u00edtimas foram encontradas &#8211; Foto: Alex Sandro \/ Folha Regional)<\/em><\/strong><br \/>\n<\/br><\/p>\n<p>A Pol\u00edcia Civil est\u00e1 apurando a causa da morte de Ant\u00f4nio Jos\u00e9 da Silva Neto, da esposa dele, Edna Barbosa de Freitas, que estaria gr\u00e1vida, e das duas filhas do casal de dois e sete anos. De acordo com o detetive Elton Reis, da Pol\u00edcia Civil, o inc\u00eandio aconteceu apenas no quarto onde as v\u00edtimas foram encontradas. <\/p>\n<p>Segundo testemunhas, a fam\u00edlia morava na zona rural e havia se mudado h\u00e1 pouco tempo para a cidade.<\/p>\n<p>Os corpos foram levados para o Instituto M\u00e9dico Legal (IML) de Montes Claros.<\/p>\n<h4><strong>Aguarde mais informa\u00e7\u00f5es.<\/strong><\/h4>\n","protected":false},"excerpt":{"rendered":"<p>Os corpos de quatro pessoas da mesma fam\u00edlia foram encontrados carbonizados na manh\u00e3 desta quarta-feira, 14 de maio, na Rua S\u00e3o Jo\u00e3o do Para\u00edso, no Bairro Esplanada, em Rio Pardo de Minas, no Norte de Minas Gerais. A Pol\u00edcia Militar foi acionada via 190 e ao comparecerem no local deparam com os corpos dentro de [&hellip;]<\/p>\n","protected":false},"author":1,"featured_media":28938,"comment_status":"open","ping_status":"closed","sticky":false,"template":"","format":"standard","meta":{"amp_status":"","footnotes":""},"categories":[1236],"tags":[1018,7502,7500,7513,7512,421,7501],"class_list":["post-28919","post","type-post","status-publish","format-standard","has-post-thumbnail","hentry","category-norte_de_minas","tag-destaque","tag-familia-de-rio-pardo-de-minas-morre-carbonizada","tag-familia-inteira-morre-carbonizada-em-rio-pardo-de-minas","tag-quatro-pessoas-da-mesma-familia-sao-encontradas-carbonizadas-em-rio-pardo-de-minas","tag-quatro-pessoas-da-mesma-familia-sao-encontradas-carbonizadas-no-norte-de-minas","tag-rio-pardo-de-minas","tag-tragedia-com-familia-em-rio-pardo-de-minas"],"_links":{"self":[{"href":"https:\/\/aconteceunovale.com.br\/portal\/index.php?rest_route=\/wp\/v2\/posts\/28919","targetHints":{"allow":["GET"]}}],"collection":[{"href":"https:\/\/aconteceunovale.com.br\/portal\/index.php?rest_route=\/wp\/v2\/posts"}],"about":[{"href":"https:\/\/aconteceunovale.com.br\/portal\/index.php?rest_route=\/wp\/v2\/types\/post"}],"author":[{"embeddable":true,"href":"https:\/\/aconteceunovale.com.br\/portal\/index.php?rest_route=\/wp\/v2\/users\/1"}],"replies":[{"embeddable":true,"href":"https:\/\/aconteceunovale.com.br\/portal\/index.php?rest_route=%2Fwp%2Fv2%2Fcomments&post=28919"}],"version-history":[{"count":0,"href":"https:\/\/aconteceunovale.com.br\/portal\/index.php?rest_route=\/wp\/v2\/posts\/28919\/revisions"}],"wp:featuredmedia":[{"embeddable":true,"href":"https:\/\/aconteceunovale.com.br\/portal\/index.php?rest_route=\/wp\/v2\/media\/28938"}],"wp:attachment":[{"href":"https:\/\/aconteceunovale.com.br\/portal\/index.php?rest_route=%2Fwp%2Fv2%2Fmedia&parent=28919"}],"wp:term":[{"taxonomy":"category","embeddable":true,"href":"https:\/\/aconteceunovale.com.br\/portal\/index.php?rest_route=%2Fwp%2Fv2%2Fcategories&post=28919"},{"taxonomy":"post_tag","embeddable":true,"href":"https:\/\/aconteceunovale.com.br\/portal\/index.php?rest_route=%2Fwp%2Fv2%2Ftags&post=28919"}],"curies":[{"name":"wp","href":"https:\/\/api.w.org\/{rel}","templated":true}]}}