{"id":28894,"date":"2014-05-14T09:38:39","date_gmt":"2014-05-14T12:38:39","guid":{"rendered":"http:\/\/aconteceunovale.com.br\/portal\/?p=28894"},"modified":"2014-05-14T09:38:39","modified_gmt":"2014-05-14T12:38:39","slug":"governo-adia-aumento-de-imposto-para-bebidas-frias","status":"publish","type":"post","link":"https:\/\/aconteceunovale.com.br\/portal\/?p=28894","title":{"rendered":"Governo adia aumento de imposto para bebidas frias"},"content":{"rendered":"<p>O ministro da Fazenda, Guido Mantega, anunciou o adiamento por tr\u00eas meses da decis\u00e3o de aumentar os impostos para o setor de bebidas frias &#8211; cervejas, refrigerantes, isot\u00f4nicos e refrescos. A previs\u00e3o \u00e9 que o reajuste entrasse em vigor em 1\u00ba de junho. \u201cA gente est\u00e1 diferindo, postergando uma corre\u00e7\u00e3o de tabela que seria no dia 1\u00ba de junho para daqui a tr\u00eas meses e n\u00e3o de forma plena, mas diferida ao longo do tempo. Sem d\u00favida, n\u00f3s temos uma grande preocupa\u00e7\u00e3o que a infla\u00e7\u00e3o permane\u00e7a sob controle e esse setor pode dar uma contribui\u00e7\u00e3o importante. N\u00f3s fizemos um pacto de que n\u00e3o haveria aumento durante a Copa e de prefer\u00eancia depois tamb\u00e9m\u201d, disse Mantega, ap\u00f3s reuni\u00e3o com representantes do setor.<\/p>\n<p>O objetivo do governo \u00e9, com a recomposi\u00e7\u00e3o da tabela, ter mais recursos para cumprir a meta de super\u00e1vit fiscal. \u201cN\u00f3s acabamos de fazer uma reuni\u00e3o com o setor de bebidas, com o setor de bares e restaurantes a respeito da tabela que implica na recomposi\u00e7\u00e3o de tributos. Suspendemos a aplica\u00e7\u00e3o dessa tabela temporariamente para um aperfei\u00e7oamento dela porque havia uma diverg\u00eancia em alguns pre\u00e7os que foram capturados\u201d, disse o ministro, acrescentando que, nos \u00faltimos dois anos, o governo reduziu os tributos no setor de bebidas para permitir que houvesse mais investimentos e crescimento.<\/p>\n<p>O aumento das al\u00edquotas do setor foi anunciado no final de abril pelo governo, mas as novas tabelas com os pre\u00e7os das bebidas s\u00f3 entrariam em vigor em junho. A previs\u00e3o da Associa\u00e7\u00e3o Brasileira de Bares e Restaurantes (Abrasel) \u00e9 que o aumento ter\u00e1 impacto de 10% a 12% no pre\u00e7o das bebidas frias para o consumidor. Logo depois do an\u00fancio de aumento, em abril, a Receita Federal retificou informa\u00e7\u00e3o e disse, em nota oficial, que os pre\u00e7os das bebidas frias subiriam, em m\u00e9dia, 2,25% para o consumidor final, e n\u00e3o 1,3%. Tamb\u00e9m houve erro na primeira divulga\u00e7\u00e3o das tabelas.<\/p>\n<p>Os empres\u00e1rios estimaram demiss\u00e3o de mais de 200 mil pessoas se o governo n\u00e3o mudasse o prazo do in\u00edcio do reajuste. (Ag\u00eancia Brasil)<\/p>\n","protected":false},"excerpt":{"rendered":"<p>O ministro da Fazenda, Guido Mantega, anunciou o adiamento por tr\u00eas meses da decis\u00e3o de aumentar os impostos para o setor de bebidas frias &#8211; cervejas, refrigerantes, isot\u00f4nicos e refrescos. A previs\u00e3o \u00e9 que o reajuste entrasse em vigor em 1\u00ba de junho. \u201cA gente est\u00e1 diferindo, postergando uma corre\u00e7\u00e3o de tabela que seria no [&hellip;]<\/p>\n","protected":false},"author":1,"featured_media":28895,"comment_status":"open","ping_status":"closed","sticky":false,"template":"","format":"standard","meta":{"amp_status":"","footnotes":""},"categories":[6],"tags":[7495,7496,7494],"class_list":["post-28894","post","type-post","status-publish","format-standard","has-post-thumbnail","hentry","category-br","tag-aumento-do-preco-da-cerveja","tag-aumento-do-preco-das-bebidas","tag-governo-adia-aumento-de-imposto-para-bebidas-frias"],"_links":{"self":[{"href":"https:\/\/aconteceunovale.com.br\/portal\/index.php?rest_route=\/wp\/v2\/posts\/28894","targetHints":{"allow":["GET"]}}],"collection":[{"href":"https:\/\/aconteceunovale.com.br\/portal\/index.php?rest_route=\/wp\/v2\/posts"}],"about":[{"href":"https:\/\/aconteceunovale.com.br\/portal\/index.php?rest_route=\/wp\/v2\/types\/post"}],"author":[{"embeddable":true,"href":"https:\/\/aconteceunovale.com.br\/portal\/index.php?rest_route=\/wp\/v2\/users\/1"}],"replies":[{"embeddable":true,"href":"https:\/\/aconteceunovale.com.br\/portal\/index.php?rest_route=%2Fwp%2Fv2%2Fcomments&post=28894"}],"version-history":[{"count":0,"href":"https:\/\/aconteceunovale.com.br\/portal\/index.php?rest_route=\/wp\/v2\/posts\/28894\/revisions"}],"wp:featuredmedia":[{"embeddable":true,"href":"https:\/\/aconteceunovale.com.br\/portal\/index.php?rest_route=\/wp\/v2\/media\/28895"}],"wp:attachment":[{"href":"https:\/\/aconteceunovale.com.br\/portal\/index.php?rest_route=%2Fwp%2Fv2%2Fmedia&parent=28894"}],"wp:term":[{"taxonomy":"category","embeddable":true,"href":"https:\/\/aconteceunovale.com.br\/portal\/index.php?rest_route=%2Fwp%2Fv2%2Fcategories&post=28894"},{"taxonomy":"post_tag","embeddable":true,"href":"https:\/\/aconteceunovale.com.br\/portal\/index.php?rest_route=%2Fwp%2Fv2%2Ftags&post=28894"}],"curies":[{"name":"wp","href":"https:\/\/api.w.org\/{rel}","templated":true}]}}