{"id":28887,"date":"2014-05-13T22:01:29","date_gmt":"2014-05-14T01:01:29","guid":{"rendered":"http:\/\/aconteceunovale.com.br\/portal\/?p=28887"},"modified":"2014-05-13T22:01:29","modified_gmt":"2014-05-14T01:01:29","slug":"janauba-sedia-ciclo-de-seminarios-sobre-emprego-formal","status":"publish","type":"post","link":"https:\/\/aconteceunovale.com.br\/portal\/?p=28887","title":{"rendered":"Jana\u00faba sedia ciclo de semin\u00e1rios sobre emprego formal"},"content":{"rendered":"<h4><strong>Evento \u00e9 realizado pelo Observat\u00f3rio do Trabalho da Unimontes. Jana\u00faba ocupa o 2\u00ba lugar na gera\u00e7\u00e3o de empregos no Norte de Minas.<\/strong><\/h4>\n<p>A cidade de Jana\u00faba, Norte de Minas, sedia nesta quinta-feira (15) o I Ciclo de Semin\u00e1rios sobre a gera\u00e7\u00e3o e os detalhes dos empregos formais na macrorregi\u00e3o norte-mineira. O congresso ser\u00e1 realizado pelo Observat\u00f3rio do Trabalho da Universidade Estadual de Montes Claros (Unimontes), \u00e0s 19 horas no Centro Cultural Marly Sarney.<\/p>\n<p>A regi\u00e3o janaubense \u00e9 caracterizada como o segundo maior munic\u00edpio gerador de empregos formais no Norte de Minas, comenta o coordenador do observat\u00f3rio, Roney Versiane Sindeaux. Os setores do com\u00e9rcio e da agropecu\u00e1ria s\u00e3o destaques.<\/p>\n<p>\u201c\u00c9 importante que essas regi\u00f5es, como Jana\u00faba, possam prosperar e gerar mais empregos formais, para que o Norte de Minas cres\u00e7a como um todo. Com isso, as pessoas param de deixar suas regi\u00f5es para conseguir emprego em outras cidades maiores, como Montes Claros. Resultando na diminui\u00e7\u00e3o de problemas nestas cidades maiores, como a superlota\u00e7\u00e3o, e propiciando o desenvolvimento nas menores\u201d, aponta.<\/p>\n<p>Segundo Sindeaux, a terceira regi\u00e3o norte-mineira na oferta de empregos formais \u00e9 a regi\u00e3o de Pirapora, caracterizada pela forte demanda do setor industrial. Essas e outras caracter\u00edsticas ser\u00e3o debatidas durante o ciclo de semin\u00e1rios.<\/p>\n<p>\u201cVamos apresentar as caracter\u00edsticas das atividades que mais empregam, como os setores e os subsetores. Nos grandes munic\u00edpios existe a predomin\u00e2ncia do com\u00e9rcio varejista e agropecu\u00e1ria, enquanto a administra\u00e7\u00e3o p\u00fablica predomina nas cidades de pequeno porte\u201d, completa.<\/p>\n<h4><strong>Observat\u00f3rio do Trabalho<\/strong><\/h4>\n<p>Coordenado pelos professores do Grupo de Estudos e Pesquisas em Administra\u00e7\u00e3o (GEPAD), o &#8220;Observat\u00f3rio do Trabalho da Unimontes&#8221;, tem como principal objetivo a discuss\u00e3o do mercado mineiro, formas de alavancar o emprego formal na regi\u00e3o.<\/p>\n<p>\u201cPretendemos divulgar esses dados para auxiliar as pol\u00edticas p\u00fablicas de incentivo do emprego formal na regi\u00e3o Norte Mineira\u201d, comenta o professor Roney.<\/p>\n<p>\u201cO semin\u00e1rio tamb\u00e9m tem como objetivo analisar as pol\u00edticas p\u00fablicas e as iniciativas do setor privado para potenciar o crescimento do emprego formal nos munic\u00edpios norte-mineiros\u201d, completa Sindeaux. <strong>(G1)<\/strong><\/p>\n","protected":false},"excerpt":{"rendered":"<p>Evento \u00e9 realizado pelo Observat\u00f3rio do Trabalho da Unimontes. Jana\u00faba ocupa o 2\u00ba lugar na gera\u00e7\u00e3o de empregos no Norte de Minas. A cidade de Jana\u00faba, Norte de Minas, sedia nesta quinta-feira (15) o I Ciclo de Semin\u00e1rios sobre a gera\u00e7\u00e3o e os detalhes dos empregos formais na macrorregi\u00e3o norte-mineira. O congresso ser\u00e1 realizado pelo [&hellip;]<\/p>\n","protected":false},"author":1,"featured_media":28888,"comment_status":"open","ping_status":"closed","sticky":false,"template":"","format":"standard","meta":{"amp_status":"","footnotes":""},"categories":[1236],"tags":[204,7492,210,254,763],"class_list":["post-28887","post","type-post","status-publish","format-standard","has-post-thumbnail","hentry","category-norte_de_minas","tag-janauba","tag-janauba-sedia-ciclo-de-seminarios-sobre-emprego-formal","tag-montes-claros","tag-pirapora","tag-unimontes"],"_links":{"self":[{"href":"https:\/\/aconteceunovale.com.br\/portal\/index.php?rest_route=\/wp\/v2\/posts\/28887","targetHints":{"allow":["GET"]}}],"collection":[{"href":"https:\/\/aconteceunovale.com.br\/portal\/index.php?rest_route=\/wp\/v2\/posts"}],"about":[{"href":"https:\/\/aconteceunovale.com.br\/portal\/index.php?rest_route=\/wp\/v2\/types\/post"}],"author":[{"embeddable":true,"href":"https:\/\/aconteceunovale.com.br\/portal\/index.php?rest_route=\/wp\/v2\/users\/1"}],"replies":[{"embeddable":true,"href":"https:\/\/aconteceunovale.com.br\/portal\/index.php?rest_route=%2Fwp%2Fv2%2Fcomments&post=28887"}],"version-history":[{"count":0,"href":"https:\/\/aconteceunovale.com.br\/portal\/index.php?rest_route=\/wp\/v2\/posts\/28887\/revisions"}],"wp:featuredmedia":[{"embeddable":true,"href":"https:\/\/aconteceunovale.com.br\/portal\/index.php?rest_route=\/wp\/v2\/media\/28888"}],"wp:attachment":[{"href":"https:\/\/aconteceunovale.com.br\/portal\/index.php?rest_route=%2Fwp%2Fv2%2Fmedia&parent=28887"}],"wp:term":[{"taxonomy":"category","embeddable":true,"href":"https:\/\/aconteceunovale.com.br\/portal\/index.php?rest_route=%2Fwp%2Fv2%2Fcategories&post=28887"},{"taxonomy":"post_tag","embeddable":true,"href":"https:\/\/aconteceunovale.com.br\/portal\/index.php?rest_route=%2Fwp%2Fv2%2Ftags&post=28887"}],"curies":[{"name":"wp","href":"https:\/\/api.w.org\/{rel}","templated":true}]}}