{"id":28868,"date":"2014-05-13T20:58:21","date_gmt":"2014-05-13T23:58:21","guid":{"rendered":"http:\/\/aconteceunovale.com.br\/portal\/?p=28868"},"modified":"2014-05-13T20:58:21","modified_gmt":"2014-05-13T23:58:21","slug":"comunicamos-o-falecimento-de-sebastiao-geraldo-medeiros-da-silva-ex-prefeito-de-pecanha","status":"publish","type":"post","link":"https:\/\/aconteceunovale.com.br\/portal\/?p=28868","title":{"rendered":"Comunicamos o falecimento de Sebasti\u00e3o Geraldo Medeiros da Silva, ex-prefeito de Pe\u00e7anha"},"content":{"rendered":"<p>\u00c9 com pesar, que comunicamos o falecimento do ex-prefeito da cidade de Pe\u00e7anha, o Sr. Sebasti\u00e3o Geraldo Medeiros da Silva, popularmente conhecido como \u201cBab\u00e1\u201d. <\/p>\n<p>Bab\u00e1 foi eleito vice-prefeito da cidade em 1982 na chapa do candidato Odilon Caldeira. Seis anos mais tarde, em 1988, foi eleito prefeito de Pe\u00e7anha, governando a cidade at\u00e9 o ano 1992.<\/p>\n<p>O Corpo de Bab\u00e1 ser\u00e1 velado na casa de seus pais, Dona Quit\u00e9ria e Z\u00e9 Miquelino, e o enterro est\u00e1 previsto para esta quarta-feira, \u00e0s 14 horas, no Cemit\u00e9rio de Pe\u00e7anha.<\/p>\n<p><img decoding=\"async\" src=\"http:\/\/aconteceunovale.com.br\/portal\/wp-content\/uploads\/2014\/05\/baba_prefeito_pecanha.jpg\" alt=\"\" \/><em>(Foto: Reprodu\u00e7\u00e3o \u00e1lbum da fam\u00edlia)<\/em><\/p>\n","protected":false},"excerpt":{"rendered":"<p>\u00c9 com pesar, que comunicamos o falecimento do ex-prefeito da cidade de Pe\u00e7anha, o Sr. Sebasti\u00e3o Geraldo Medeiros da Silva, popularmente conhecido como \u201cBab\u00e1\u201d. Bab\u00e1 foi eleito vice-prefeito da cidade em 1982 na chapa do candidato Odilon Caldeira. Seis anos mais tarde, em 1988, foi eleito prefeito de Pe\u00e7anha, governando a cidade at\u00e9 o ano [&hellip;]<\/p>\n","protected":false},"author":1,"featured_media":28869,"comment_status":"open","ping_status":"closed","sticky":false,"template":"","format":"standard","meta":{"amp_status":"","footnotes":""},"categories":[121],"tags":[7485,306,7486],"class_list":["post-28868","post","type-post","status-publish","format-standard","has-post-thumbnail","hentry","category-leste","tag-falecimento-do-ex-prefeito-de-pecanha","tag-pecanha","tag-sebastiao-geraldo-medeiros-da-silva"],"_links":{"self":[{"href":"https:\/\/aconteceunovale.com.br\/portal\/index.php?rest_route=\/wp\/v2\/posts\/28868","targetHints":{"allow":["GET"]}}],"collection":[{"href":"https:\/\/aconteceunovale.com.br\/portal\/index.php?rest_route=\/wp\/v2\/posts"}],"about":[{"href":"https:\/\/aconteceunovale.com.br\/portal\/index.php?rest_route=\/wp\/v2\/types\/post"}],"author":[{"embeddable":true,"href":"https:\/\/aconteceunovale.com.br\/portal\/index.php?rest_route=\/wp\/v2\/users\/1"}],"replies":[{"embeddable":true,"href":"https:\/\/aconteceunovale.com.br\/portal\/index.php?rest_route=%2Fwp%2Fv2%2Fcomments&post=28868"}],"version-history":[{"count":0,"href":"https:\/\/aconteceunovale.com.br\/portal\/index.php?rest_route=\/wp\/v2\/posts\/28868\/revisions"}],"wp:featuredmedia":[{"embeddable":true,"href":"https:\/\/aconteceunovale.com.br\/portal\/index.php?rest_route=\/wp\/v2\/media\/28869"}],"wp:attachment":[{"href":"https:\/\/aconteceunovale.com.br\/portal\/index.php?rest_route=%2Fwp%2Fv2%2Fmedia&parent=28868"}],"wp:term":[{"taxonomy":"category","embeddable":true,"href":"https:\/\/aconteceunovale.com.br\/portal\/index.php?rest_route=%2Fwp%2Fv2%2Fcategories&post=28868"},{"taxonomy":"post_tag","embeddable":true,"href":"https:\/\/aconteceunovale.com.br\/portal\/index.php?rest_route=%2Fwp%2Fv2%2Ftags&post=28868"}],"curies":[{"name":"wp","href":"https:\/\/api.w.org\/{rel}","templated":true}]}}