{"id":28835,"date":"2014-05-13T17:33:04","date_gmt":"2014-05-13T20:33:04","guid":{"rendered":"http:\/\/aconteceunovale.com.br\/portal\/?p=28835"},"modified":"2014-05-13T17:35:53","modified_gmt":"2014-05-13T20:35:53","slug":"parceria-entre-prefeituras-e-policia-civil-viabiliza-reforma-da-cadeia-publica-em-santa-maria-do-suacui","status":"publish","type":"post","link":"https:\/\/aconteceunovale.com.br\/portal\/?p=28835","title":{"rendered":"Parceria entre prefeituras e Pol\u00edcia Civil viabiliza reforma da cadeia p\u00fablica em Santa Maria do Sua\u00e7u\u00ed"},"content":{"rendered":"<h4><strong>O apoio do Consep e da sociedade civil tamb\u00e9m foi fundamental no processo de restaura\u00e7\u00e3o que deve ser finalizado em junho<\/strong><\/h4>\n<p>Como j\u00e1 dizia o ditado \u2018a uni\u00e3o faz a for\u00e7a\u2019. Foi movida por esse lema que a Pol\u00edcia Civil de Santa Maria do Sua\u00e7u\u00ed em parceria com as prefeituras da comarca, com o apoio do Conselho Municipal de Seguran\u00e7a P\u00fablica (Consep) e da sociedade civil, conseguiu colocar em pr\u00e1tica as obras de reforma da cadeia p\u00fablica de Santa Maria do Sua\u00e7u\u00ed.<\/p>\n<p>Indignados com a precariedade da cadeia, que hoje abriga cerca de 45 detentos, representantes dos munic\u00edpios de S\u00e3o Jos\u00e9 da Safira, S\u00e3o Sebasti\u00e3o do Maranh\u00e3o, Jos\u00e9 Raydan e de Santa Maria do Sua\u00e7u\u00ed, se reuniram em maio de 2013, juntamente com membros da Pol\u00edcia Civil, para firmar um conv\u00eanio, com dura\u00e7\u00e3o de 10 meses, que arrecadaria fundos para as obras na parte estrutural e tamb\u00e9m em prol da seguran\u00e7a, n\u00e3o s\u00f3 da cadeia mas tamb\u00e9m da delegacia da cidade.<\/p>\n<p>Segundo esclareceu o delegado da comarca, Marcelo Teot\u00f4nio, que abra\u00e7ou a causa, a burocracia do conv\u00eanio, atrasou o repasse do dinheiro, com isso, as obras tiveram in\u00edcio em fevereiro de 2014. Com o fim do conv\u00eanio, um padre do munic\u00edpio de Santa Maria do Sua\u00e7u\u00ed, mobilizou a popula\u00e7\u00e3o para que contribu\u00edssem com as obras; o Consep tamb\u00e9m se disponibilizou a ajudar. O apoio foi fundamental, principalmente na aquisi\u00e7\u00e3o dos equipamentos de seguran\u00e7a.<\/p>\n<p>O atraso n\u00e3o atrapalhou o andamento das obras, que est\u00e3o a todo vapor; est\u00e3o sendo feitas reformas na parte estrutural, como reparos na parte el\u00e9trica e hidr\u00e1ulica, al\u00e9m da reforma nas paredes das celas e nos muros que cercam o estabelecimento prisional. Tamb\u00e9m est\u00e1 sendo restaurado o sistema de ilumina\u00e7\u00e3o e implantado o sistema de seguran\u00e7a da cadeia e da delegacia, com a instala\u00e7\u00e3o de c\u00e2meras de seguran\u00e7a com monitoramento 24h, al\u00e9m de arames de choque. <\/p>\n<p>\u201cFalta pouco para terminar, acredito que at\u00e9 o in\u00edcio de junho esteja tudo pronto, inclusive com a pintura nova da delegacia e da cadeia\u201d, finalizou ressaltando a import\u00e2ncia e os resultados do trabalho em equipe. <strong>(Folha de Guanh\u00e3es)<\/strong><\/p>\n","protected":false},"excerpt":{"rendered":"<p>O apoio do Consep e da sociedade civil tamb\u00e9m foi fundamental no processo de restaura\u00e7\u00e3o que deve ser finalizado em junho Como j\u00e1 dizia o ditado \u2018a uni\u00e3o faz a for\u00e7a\u2019. Foi movida por esse lema que a Pol\u00edcia Civil de Santa Maria do Sua\u00e7u\u00ed em parceria com as prefeituras da comarca, com o apoio [&hellip;]<\/p>\n","protected":false},"author":1,"featured_media":28836,"comment_status":"open","ping_status":"closed","sticky":false,"template":"","format":"standard","meta":{"amp_status":"","footnotes":""},"categories":[121],"tags":[299,7476,240,319,324],"class_list":["post-28835","post","type-post","status-publish","format-standard","has-post-thumbnail","hentry","category-leste","tag-jose-raydan","tag-parceria-entre-prefeituras-e-policia-civil-viabiliza-reforma-da-cadeia-publica-em-santa-maria-do-suacui","tag-santa-maria-do-suacui","tag-sao-jose-da-safira","tag-sao-sebastiao-do-maranhao"],"_links":{"self":[{"href":"https:\/\/aconteceunovale.com.br\/portal\/index.php?rest_route=\/wp\/v2\/posts\/28835","targetHints":{"allow":["GET"]}}],"collection":[{"href":"https:\/\/aconteceunovale.com.br\/portal\/index.php?rest_route=\/wp\/v2\/posts"}],"about":[{"href":"https:\/\/aconteceunovale.com.br\/portal\/index.php?rest_route=\/wp\/v2\/types\/post"}],"author":[{"embeddable":true,"href":"https:\/\/aconteceunovale.com.br\/portal\/index.php?rest_route=\/wp\/v2\/users\/1"}],"replies":[{"embeddable":true,"href":"https:\/\/aconteceunovale.com.br\/portal\/index.php?rest_route=%2Fwp%2Fv2%2Fcomments&post=28835"}],"version-history":[{"count":0,"href":"https:\/\/aconteceunovale.com.br\/portal\/index.php?rest_route=\/wp\/v2\/posts\/28835\/revisions"}],"wp:featuredmedia":[{"embeddable":true,"href":"https:\/\/aconteceunovale.com.br\/portal\/index.php?rest_route=\/wp\/v2\/media\/28836"}],"wp:attachment":[{"href":"https:\/\/aconteceunovale.com.br\/portal\/index.php?rest_route=%2Fwp%2Fv2%2Fmedia&parent=28835"}],"wp:term":[{"taxonomy":"category","embeddable":true,"href":"https:\/\/aconteceunovale.com.br\/portal\/index.php?rest_route=%2Fwp%2Fv2%2Fcategories&post=28835"},{"taxonomy":"post_tag","embeddable":true,"href":"https:\/\/aconteceunovale.com.br\/portal\/index.php?rest_route=%2Fwp%2Fv2%2Ftags&post=28835"}],"curies":[{"name":"wp","href":"https:\/\/api.w.org\/{rel}","templated":true}]}}