{"id":28832,"date":"2014-05-13T17:17:31","date_gmt":"2014-05-13T20:17:31","guid":{"rendered":"http:\/\/aconteceunovale.com.br\/portal\/?p=28832"},"modified":"2014-05-13T17:17:54","modified_gmt":"2014-05-13T20:17:54","slug":"profissionais-do-mais-medicos-ainda-nao-receberam-em-montes-claros","status":"publish","type":"post","link":"https:\/\/aconteceunovale.com.br\/portal\/?p=28832","title":{"rendered":"Profissionais do Mais M\u00e9dicos ainda n\u00e3o receberam em Montes Claros"},"content":{"rendered":"<p>Montes Claros no Norte de Minas Gerais recebeu no dia 13 de mar\u00e7o deste ano 28 profissionais do Programa Mais M\u00e9dicos. Destes, 17 s\u00e3o cubanos. Cabem a Administra\u00e7\u00e3o muncipal a garantia de alimenta\u00e7\u00e3o, moradia e transporte. Luiz Felipe Randich, um dos profissionais contratados  diz que essas medidas ainda n\u00e3o est\u00e3o sendo cumpridas integralmente.\u201cA prefeitura tem garantido apenas o transporte para n\u00f3s\u201d, afirma o m\u00e9dico.<\/p>\n<p>A situa\u00e7\u00e3o reflete no atendimento \u00e0 popula\u00e7\u00e3o. A empres\u00e1ria Naidman Saraiva Domingues precisou levara a sobrinha na Unidade do Bairro Santo Ant\u00f4nio e foi atendida por uma m\u00e9dica cubana. No retorno da consulta para apresentar o exame solicitado pela m\u00e9dica n\u00e3o mais a encontrou na unidade de sa\u00fade. A usu\u00e1ria  reclama que os profissionais tem atrasado para chegar aos postos. \u201cVoc\u00ea n\u00e3o sabe que hora a m\u00e9dica vem, n\u00e3o tem hora pra chegar\u201d, ressalta Naidman.<\/p>\n<p>Na Unidade de sa\u00fade do Bairro Delfino Magalh\u00e3es tamb\u00e9m h\u00e1 atraso. O m\u00e9dico que chegaria \u00e0s 7h da manh\u00e3, chegou com uma hora de atraso. \u201cUm pouquinho atrasado, mas j\u00e1 vou trabalhar agora\u201d, disse o m\u00e9dico Jaber Velasques Parra.<\/p>\n<p>A bolsa do programa \u00e9 de R$ 10 mil, mas os m\u00e9dicos recebem R$ 3 mil. A outra parte fica com o governo cubano. Os recursos s\u00e3o do Governo Federal. O valor do aux\u00edlio correspondente \u00e0 Administra\u00e7\u00e3o Municipal \u00e9 de R$ 1500 e que at\u00e9 o momento n\u00e3o houve nenhum repasse. Segundo o secret\u00e1rio adjunto de sa\u00fade, Danilo Narciso, os atrasos ocorridos s\u00e3o por conta do per\u00edodo de adapta\u00e7\u00e3o do programa.<\/p>\n<p>\u201cOs m\u00e9dicos ainda n\u00e3o receberam nenhuma contrapartida do munic\u00edpio, mas na semana passada a C\u00e2mara de Vereadores aprovou um projeto de lei que autoriza a prefeitura a destinar R$ 400 mil para regularizar a situa\u00e7\u00e3o. Os retroativos ser\u00e3o ressarcidos\u201d, afirma o secret\u00e1rio. <strong>(G1)<\/strong><\/p>\n","protected":false},"excerpt":{"rendered":"<p>Montes Claros no Norte de Minas Gerais recebeu no dia 13 de mar\u00e7o deste ano 28 profissionais do Programa Mais M\u00e9dicos. Destes, 17 s\u00e3o cubanos. Cabem a Administra\u00e7\u00e3o muncipal a garantia de alimenta\u00e7\u00e3o, moradia e transporte. Luiz Felipe Randich, um dos profissionais contratados diz que essas medidas ainda n\u00e3o est\u00e3o sendo cumpridas integralmente.\u201cA prefeitura tem [&hellip;]<\/p>\n","protected":false},"author":1,"featured_media":19256,"comment_status":"open","ping_status":"closed","sticky":false,"template":"","format":"standard","meta":{"amp_status":"","footnotes":""},"categories":[1236],"tags":[210,7475],"class_list":["post-28832","post","type-post","status-publish","format-standard","has-post-thumbnail","hentry","category-norte_de_minas","tag-montes-claros","tag-profissionais-do-mais-medicos-ainda-nao-receberam-em-montes-claros"],"_links":{"self":[{"href":"https:\/\/aconteceunovale.com.br\/portal\/index.php?rest_route=\/wp\/v2\/posts\/28832","targetHints":{"allow":["GET"]}}],"collection":[{"href":"https:\/\/aconteceunovale.com.br\/portal\/index.php?rest_route=\/wp\/v2\/posts"}],"about":[{"href":"https:\/\/aconteceunovale.com.br\/portal\/index.php?rest_route=\/wp\/v2\/types\/post"}],"author":[{"embeddable":true,"href":"https:\/\/aconteceunovale.com.br\/portal\/index.php?rest_route=\/wp\/v2\/users\/1"}],"replies":[{"embeddable":true,"href":"https:\/\/aconteceunovale.com.br\/portal\/index.php?rest_route=%2Fwp%2Fv2%2Fcomments&post=28832"}],"version-history":[{"count":0,"href":"https:\/\/aconteceunovale.com.br\/portal\/index.php?rest_route=\/wp\/v2\/posts\/28832\/revisions"}],"wp:featuredmedia":[{"embeddable":true,"href":"https:\/\/aconteceunovale.com.br\/portal\/index.php?rest_route=\/wp\/v2\/media\/19256"}],"wp:attachment":[{"href":"https:\/\/aconteceunovale.com.br\/portal\/index.php?rest_route=%2Fwp%2Fv2%2Fmedia&parent=28832"}],"wp:term":[{"taxonomy":"category","embeddable":true,"href":"https:\/\/aconteceunovale.com.br\/portal\/index.php?rest_route=%2Fwp%2Fv2%2Fcategories&post=28832"},{"taxonomy":"post_tag","embeddable":true,"href":"https:\/\/aconteceunovale.com.br\/portal\/index.php?rest_route=%2Fwp%2Fv2%2Ftags&post=28832"}],"curies":[{"name":"wp","href":"https:\/\/api.w.org\/{rel}","templated":true}]}}