{"id":28822,"date":"2014-05-13T17:03:33","date_gmt":"2014-05-13T20:03:33","guid":{"rendered":"http:\/\/aconteceunovale.com.br\/portal\/?p=28822"},"modified":"2014-05-14T10:48:37","modified_gmt":"2014-05-14T13:48:37","slug":"seis-pessoas-morrem-em-grave-acidente-entre-riachinho-e-bonfinopolis","status":"publish","type":"post","link":"https:\/\/aconteceunovale.com.br\/portal\/?p=28822","title":{"rendered":"Seis pessoas morrem em grave acidente entre Riachinho e Bonfin\u00f3polis"},"content":{"rendered":"<h4><strong>V\u00edtimas estavam em um carro de passeio que foi atingido por uma carreta. Condutor n\u00e3o teria observado a movimenta\u00e7\u00e3o da rodovia.<\/strong><\/h4>\n<p>Um grave acidente entre um carro de passeio e uma carreta deixou os moradores de Riachinho, no Norte de Minas, em choque nessa ter\u00e7a-feira (13). Ap\u00f3s a colis\u00e3o, seis pessoas da mesma fam\u00edlia que estavam no ve\u00edculo menor morreram.<\/p>\n<p>De acordo com o soldado Adriano Ferreira Guimar\u00e3es, do Corpo DE Bombeiros de Una\u00ed, o acidente aconteceu na altura do KM 34 da MG-181. O caminhoneiro contou que seguia pela via quando o carro saiu de uma estrada vicinal e n\u00e3o percebeu a aproxima\u00e7\u00e3o do outro ve\u00edculo.<\/p>\n<p><img decoding=\"async\" src=\"http:\/\/aconteceunovale.com.br\/portal\/wp-content\/uploads\/2014\/05\/acidente_bonfinopolis.jpg\" alt=\"\" \/><strong>(Foto: Adelton Castro\/PM)<\/strong><br \/>\n<\/br><\/p>\n<p>O condutor da carreta n\u00e3o conseguiu frear, bateu na traseira do carro, que ainda rodou na pista. Em seguida, o mesmo ve\u00edculo prensou o Uno contra um barranco. Sebasti\u00e3o Gon\u00e7alves de Almeida, de 67, Elisangela Almeida Queiroz da Cruz, de 38, Maria Gon\u00e7alves de Almeida, de 62, Camila Almeida Martins, de 16, Tha\u00eds Magalh\u00e3es Queiroz, de 14, e Marco Ant\u00f4nio Almeida Queiroz da Cruz, de 5, morreram na hora, presos \u00e0s ferragens.<\/p>\n<p>Ainda segundo a corpora\u00e7\u00e3o, todos os adultos usavam cinto de seguran\u00e7a. J\u00e1 a crian\u00e7a estava no colo da m\u00e3e, Maria Gon\u00e7alves, sem qualquer tipo de prote\u00e7\u00e3o. A retirada dos corpos demorou cerca de duas horas, tem que a rodovia ficou interditada. Segundo a Pol\u00edcia Militar, o caminhoneiro, que n\u00e3o ficou ferido, n\u00e3o apresentava sinais de embriaguez.<\/p>\n<p>O vel\u00f3rio da fam\u00edlia acontece nesta quarta-feira (14) em uma escola de Riachinho.<\/p>\n<h4><strong>Como\u00e7\u00e3o<\/strong><\/h4>\n<p>Moradores de Riachinho se concentram na escola da cidade e acompanham o vel\u00f3rio das v\u00edtimas. A cidade, que tem cerca de 8 mil habitantes, ficou comovida com a trag\u00e9dia.<\/p>\n<p>&#8220;Eles eram muito conhecidos aqui. Foi um choque saber de todas essas mortes&#8221;, disse um morador, que pediu para n\u00e3o se identificar.<\/p>\n","protected":false},"excerpt":{"rendered":"<p>V\u00edtimas estavam em um carro de passeio que foi atingido por uma carreta. Condutor n\u00e3o teria observado a movimenta\u00e7\u00e3o da rodovia. Um grave acidente entre um carro de passeio e uma carreta deixou os moradores de Riachinho, no Norte de Minas, em choque nessa ter\u00e7a-feira (13). Ap\u00f3s a colis\u00e3o, seis pessoas da mesma fam\u00edlia que [&hellip;]<\/p>\n","protected":false},"author":1,"featured_media":28823,"comment_status":"open","ping_status":"closed","sticky":false,"template":"","format":"standard","meta":{"amp_status":"","footnotes":""},"categories":[1236],"tags":[7469,253,1537,7506,1018,7504,7503,7508,7505,1797,7470,7507],"class_list":["post-28822","post","type-post","status-publish","format-standard","has-post-thumbnail","hentry","category-norte_de_minas","tag-acidente-entre-riachinho-e-bonfinopolis-deixa-seis-mortos","tag-arinos","tag-bonfinopolis-de-minas","tag-camila-almeida-martins","tag-destaque","tag-elisangela-almeida-queiroz-da-cruz","tag-goncalves-de-almeida","tag-marco-antonio-almeida-queiroz-da-cruz","tag-maria-goncalves-de-almeida","tag-riachinho","tag-seis-pessoas-morrem-em-grave-acidente-entre-riachinho-e-bonfinopolis","tag-thais-magalhaes-queiroz"],"_links":{"self":[{"href":"https:\/\/aconteceunovale.com.br\/portal\/index.php?rest_route=\/wp\/v2\/posts\/28822","targetHints":{"allow":["GET"]}}],"collection":[{"href":"https:\/\/aconteceunovale.com.br\/portal\/index.php?rest_route=\/wp\/v2\/posts"}],"about":[{"href":"https:\/\/aconteceunovale.com.br\/portal\/index.php?rest_route=\/wp\/v2\/types\/post"}],"author":[{"embeddable":true,"href":"https:\/\/aconteceunovale.com.br\/portal\/index.php?rest_route=\/wp\/v2\/users\/1"}],"replies":[{"embeddable":true,"href":"https:\/\/aconteceunovale.com.br\/portal\/index.php?rest_route=%2Fwp%2Fv2%2Fcomments&post=28822"}],"version-history":[{"count":0,"href":"https:\/\/aconteceunovale.com.br\/portal\/index.php?rest_route=\/wp\/v2\/posts\/28822\/revisions"}],"wp:featuredmedia":[{"embeddable":true,"href":"https:\/\/aconteceunovale.com.br\/portal\/index.php?rest_route=\/wp\/v2\/media\/28823"}],"wp:attachment":[{"href":"https:\/\/aconteceunovale.com.br\/portal\/index.php?rest_route=%2Fwp%2Fv2%2Fmedia&parent=28822"}],"wp:term":[{"taxonomy":"category","embeddable":true,"href":"https:\/\/aconteceunovale.com.br\/portal\/index.php?rest_route=%2Fwp%2Fv2%2Fcategories&post=28822"},{"taxonomy":"post_tag","embeddable":true,"href":"https:\/\/aconteceunovale.com.br\/portal\/index.php?rest_route=%2Fwp%2Fv2%2Ftags&post=28822"}],"curies":[{"name":"wp","href":"https:\/\/api.w.org\/{rel}","templated":true}]}}