{"id":28764,"date":"2014-05-13T09:30:22","date_gmt":"2014-05-13T12:30:22","guid":{"rendered":"http:\/\/aconteceunovale.com.br\/portal\/?p=28764"},"modified":"2014-05-13T09:30:22","modified_gmt":"2014-05-13T12:30:22","slug":"doente-mental-mata-o-proprio-pai-a-golpes-de-enxada-na-zona-rural-de-ataleia","status":"publish","type":"post","link":"https:\/\/aconteceunovale.com.br\/portal\/?p=28764","title":{"rendered":"Doente mental mata o pr\u00f3prio pai a golpes de enxada na Zona Rural de Atal\u00e9ia"},"content":{"rendered":"<p>Um homem de 53 anos foi morto a golpes de enxada nesta segunda-feira, 12 de maio, na Comunidade de Baixa Quente, na Zona Rural de Atal\u00e9ia\/MG. <\/p>\n<p>De acordo com a Pol\u00edcia Militar, a corpora\u00e7\u00e3o foi acionada via 190 para comparecerem em um s\u00edtio na Comunidade de Baixa Quente, onde encontraram o corpo de JOS\u00c9 MARIA ALVES BATISTA ca\u00eddo ao solo e coberto com um len\u00e7ol e galhos de \u00e1rvore.<\/p>\n<p>Ainda segundo a PM, a esposa da v\u00edtima relatou que por volta das 6 horas da manh\u00e3, ela foi para o curral tirar leite das vacas, quando foi surpreendida pelo filho S.A.B., de 23 anos, que de posse de uma enxada desferiu v\u00e1rios golpes na cabe\u00e7a do pai. Ainda segundo a mulher, seu filho ainda a amea\u00e7ou de morte caso ela interferisse. <\/p>\n<p>Jos\u00e9 Maria morreu no local. Segundo o registro da Pol\u00edcia Militar, o corpo apresentava um corte no couro cabeludo provocado pelos golpes de enxada.<\/p>\n<p>O autor do crime \u00e9 portador de dist\u00farbios mentais e foi preso em flagrante no interior da sua resid\u00eancia.<\/p>\n<p>A per\u00edcia t\u00e9cnica da Pol\u00edcia Civil foi acionada e ap\u00f3s os procedimentos de praxe encaminhou o corpo para o IML de Te\u00f3filo Otoni.<em> (*Imagem ilustrativa)<\/em><\/p>\n","protected":false},"excerpt":{"rendered":"<p>Um homem de 53 anos foi morto a golpes de enxada nesta segunda-feira, 12 de maio, na Comunidade de Baixa Quente, na Zona Rural de Atal\u00e9ia\/MG. De acordo com a Pol\u00edcia Militar, a corpora\u00e7\u00e3o foi acionada via 190 para comparecerem em um s\u00edtio na Comunidade de Baixa Quente, onde encontraram o corpo de JOS\u00c9 MARIA [&hellip;]<\/p>\n","protected":false},"author":1,"featured_media":28765,"comment_status":"open","ping_status":"closed","sticky":false,"template":"","format":"standard","meta":{"amp_status":"","footnotes":""},"categories":[122],"tags":[183,7456,7457],"class_list":["post-28764","post","type-post","status-publish","format-standard","has-post-thumbnail","hentry","category-mucuri","tag-ataleia","tag-doente-mental-mata-o-proprio-pai-a-golpes-de-enxada-na-zona-rural-de-ataleia","tag-jose-maria-alves-batista"],"_links":{"self":[{"href":"https:\/\/aconteceunovale.com.br\/portal\/index.php?rest_route=\/wp\/v2\/posts\/28764","targetHints":{"allow":["GET"]}}],"collection":[{"href":"https:\/\/aconteceunovale.com.br\/portal\/index.php?rest_route=\/wp\/v2\/posts"}],"about":[{"href":"https:\/\/aconteceunovale.com.br\/portal\/index.php?rest_route=\/wp\/v2\/types\/post"}],"author":[{"embeddable":true,"href":"https:\/\/aconteceunovale.com.br\/portal\/index.php?rest_route=\/wp\/v2\/users\/1"}],"replies":[{"embeddable":true,"href":"https:\/\/aconteceunovale.com.br\/portal\/index.php?rest_route=%2Fwp%2Fv2%2Fcomments&post=28764"}],"version-history":[{"count":0,"href":"https:\/\/aconteceunovale.com.br\/portal\/index.php?rest_route=\/wp\/v2\/posts\/28764\/revisions"}],"wp:featuredmedia":[{"embeddable":true,"href":"https:\/\/aconteceunovale.com.br\/portal\/index.php?rest_route=\/wp\/v2\/media\/28765"}],"wp:attachment":[{"href":"https:\/\/aconteceunovale.com.br\/portal\/index.php?rest_route=%2Fwp%2Fv2%2Fmedia&parent=28764"}],"wp:term":[{"taxonomy":"category","embeddable":true,"href":"https:\/\/aconteceunovale.com.br\/portal\/index.php?rest_route=%2Fwp%2Fv2%2Fcategories&post=28764"},{"taxonomy":"post_tag","embeddable":true,"href":"https:\/\/aconteceunovale.com.br\/portal\/index.php?rest_route=%2Fwp%2Fv2%2Ftags&post=28764"}],"curies":[{"name":"wp","href":"https:\/\/api.w.org\/{rel}","templated":true}]}}