{"id":28761,"date":"2014-05-13T09:12:08","date_gmt":"2014-05-13T12:12:08","guid":{"rendered":"http:\/\/aconteceunovale.com.br\/portal\/?p=28761"},"modified":"2014-05-13T09:13:00","modified_gmt":"2014-05-13T12:13:00","slug":"exposicao-propoe-outros-olhares-sobre-a-cultura-do-vale-jequitinhonha","status":"publish","type":"post","link":"https:\/\/aconteceunovale.com.br\/portal\/?p=28761","title":{"rendered":"Exposi\u00e7\u00e3o prop\u00f5e outros olhares sobre a cultura do Vale Jequitinhonha"},"content":{"rendered":"<h4><strong>Diversidade cultural do Vale do Jequitinhonha \u00e9 retratada em exposi\u00e7\u00e3o no Espa\u00e7o do Conhecimento UFMG<\/strong><\/h4>\n<p>Questionamentos sobre as identidades e as m\u00faltiplas faces da cultura popular s\u00e3o alguns dos temas levantados na exposi\u00e7\u00e3o Quando o Jequitinhonha Canta e Dan\u00e7a, realizada entre 15 de maio e 01 de junho, no Espa\u00e7o do Conhecimento UFMG. A mostra integra uma s\u00e9rie de atividades que t\u00eam como objetivo dar visibilidade \u00e0s manifesta\u00e7\u00f5es art\u00edsticas da regi\u00e3o, atrav\u00e9s de fotografias, pinturas e registros audiovisuais que retratam aspectos diversos do Vale do Jequitinhonha, como arquitetura, cotidiano, personagens e paisagens locais. A abertura oficial da exposi\u00e7\u00e3o acontece \u00e0s 19h de quinta-feira, e contar\u00e1 com a apresenta\u00e7\u00e3o \u201cPo\u00e9tica Musical\u201d, com a presen\u00e7a de artistas da regi\u00e3o.<\/p>\n<p>O Vale do Jequitinhonha possui uma produ\u00e7\u00e3o cultural rica e diversa, mas que n\u00e3o \u00e9 totalmente conhecida do grande p\u00fablico. Em fun\u00e7\u00e3o disso foi formada a Rede Jequitinhonha Cultural, uma esp\u00e9cie de f\u00f3rum que re\u00fane entidades locais com o objetivo de dar for\u00e7a e visibilidade ao conjunto das atividades. \u201cMuitas a\u00e7\u00f5es j\u00e1 aconteciam, pulverizadas no Vale ou em Belo Horizonte. A ideia que resultou no desenvolvimento da Rede foi de criarmos um circuito para que essa produ\u00e7\u00e3o ganhe visibilidade. Muitos projetos j\u00e1 aconteciam, mas n\u00e3o existia uma articula\u00e7\u00e3o e as coisas n\u00e3o circulavam nem mesmo dentro do Vale,\u201d pontua Guilardo Veloso, produtor cultural e presidente da Valemais &#8211; Instituto Sociocultural do Jequitinhonha &#8211; uma das entidades fundadoras da Rede.<\/p>\n<p>Como resultado dessa aglutina\u00e7\u00e3o de for\u00e7as, surgiu o Quando o Jequitinhonha Canta e Dan\u00e7a, projeto amplo que contempla manifesta\u00e7\u00f5es distintas que dialogam com o prop\u00f3sito principal de difus\u00e3o da cultura do Vale, com a\u00e7\u00f5es que incluem o  Festivale &#8211; Festival de Cultura Popular do Vale do Jequitinhonha, o document\u00e1rio sobre a folia de reis \u201cOs Meninos e o Boi\u201d, o relan\u00e7amento do CD \u201cBeira Mar Novo\u201d do Coral Trovadores do Vale, al\u00e9m da realiza\u00e7\u00e3o de dois shows em BH, no m\u00eas de abril e de um semin\u00e1rio em Ara\u00e7ua\u00ed, em fevereiro.  A exposi\u00e7\u00e3o realizada atrav\u00e9s da parceria entre a Valemais e o Espa\u00e7o do Conhecimento funciona como uma celebra\u00e7\u00e3o, uma esp\u00e9cie de s\u00edntese da interlocu\u00e7\u00e3o existente neste cen\u00e1rio cultural. \u201cAs formas de express\u00e3o s\u00e3o muito amplas e essa exposi\u00e7\u00e3o \u00e9 importante por se tratar da primeira vez que conseguimos organizar uma mostra coletiva da arte do Vale\u201d, explica Guilardo Veloso, salientando a import\u00e2ncia da mostra como s\u00edntese do atual momento da rede e do projeto de difus\u00e3o cultural proposto.<\/p>\n<p>Para Ren\u00e9 Lommez Gomes, Diretor Cient\u00edfico Cultural do Espa\u00e7o do Conhecimento UFMG, realizar uma mostra de cultura tradicional no museu contribui para a desconstru\u00e7\u00e3o de olhares distantes e conservadores acerca dessas manifesta\u00e7\u00f5es.  \u201cAs pessoas mant\u00e9m no imagin\u00e1rio uma ideia distante e um tanto estereotipada sobre a cultura popular, por isso \u00e9 t\u00e3o importante a exposi\u00e7\u00e3o ter sido constru\u00edda a partir da parceria firmada entre uma associa\u00e7\u00e3o do Vale do Jequitinhonha e o Espa\u00e7o do Conhecimento\u201d, afirma. O diretor pontua tamb\u00e9m o papel do Espa\u00e7o no debate sobre a constru\u00e7\u00e3o dos saberes de diversas matrizes e como a exposi\u00e7\u00e3o reflete este olhar m\u00faltiplo presente nas a\u00e7\u00f5es do museu. \u201cRealizarmos uma mostra de cultura popular dentro do museu, um espa\u00e7o que \u00e9 visto muitas vezes como o lugar da cultura cient\u00edfica, \u00e9 uma forma de desconstruir at\u00e9 mesmo ideias que hierarquizam o conhecimento\u201d, completa.<\/p>\n<h4><strong>Constru\u00e7\u00e3o Coletiva<\/strong><\/h4>\n<p>A exposi\u00e7\u00e3o \u201cQuando o Jequitinhonha Canta e Dan\u00e7a\u201d apresenta recortes que retratam um pouco da produ\u00e7\u00e3o art\u00edstica e costumes culturais da regi\u00e3o. A mostra traz imagens do document\u00e1rio Os Meninos e o Boi, m\u00fasicas do CD Beira Mar (Coral Trovadores do Vale), fotografias de Vilmar Oliveira e pinturas da artista pl\u00e1stica Marina Jardim, al\u00e9m de trechos do livro \u201cDicion\u00e1rio de Cultura Popular\u201d (Frei Chico), resultado de anos de pesquisa sobre a religiosidade e cultura, que ter\u00e1 lan\u00e7amento realizado durante exposi\u00e7\u00e3o. \u201cN\u00e3o focamos em leituras individuais, n\u00e3o s\u00e3o ilhas. Todos estes trabalhos apresentam um di\u00e1logo coerente. A rede aposta justamente nessa coletividade. Naturalmente isso n\u00e3o impede que cada artista tenha a sua carreira, mas n\u00e3o \u00e9 este o nosso objetivo\u201d, afirma Veloso.<\/p>\n<p>Luis Moraes, coordenador do N\u00facleo de Expografia do Espa\u00e7o do Conhecimento UFMG, chama a aten\u00e7\u00e3o para o que ele denomina de \u201creverbera\u00e7\u00e3o cultural\u201d.  \u201cA exposi\u00e7\u00e3o vai retratar o Jequitinhonha como um polo irradiador de cultura. N\u00e3o queremos trazer um mapa geopol\u00edtico da regi\u00e3o, mas justamente questionar, mostrar que a cultura extrapola esses limites imaginados\u201d, diz.<\/p>\n<p>Sobre o processo de concep\u00e7\u00e3o da mostra, Luis Moraes enfatiza a parceria entre o museu e os proponentes. \u201cO mais interessante \u00e9 o fato de n\u00e3o ser uma exposi\u00e7\u00e3o que chegou pronta. Eles tinham uma ideia clara sobre o contexto e a fun\u00e7\u00e3o dela, que \u00e9 de divulga\u00e7\u00e3o da arte de uma regi\u00e3o, mas acrescentamos a nossa leitura na forma como tudo seria apresentado\u201d, conclui, ressaltando o aspecto colaborativo do projeto que se reflete na mostra.<\/p>\n<h4><strong>Exposi\u00e7\u00e3o Quando o Jequitinhonha Canta e Dan\u00e7a<\/strong><\/h4>\n<p>Realiza\u00e7\u00e3o: Valemais &#8211; Instituto Sociocultural do Jequitinhonha e Espa\u00e7o do Conhecimento UFMG<br \/>\nPatroc\u00ednio: Petrobras<br \/>\nApoio: Lei Estadual de Incentivo \u00e0 Cultura de Minas Gerais e Lapa A\u00e7\u00e3o Cultural<\/p>\n<p>O Espa\u00e7o do Conhecimento UFMG estimula a constru\u00e7\u00e3o de um olhar cr\u00edtico acerca da produ\u00e7\u00e3o de saberes atrav\u00e9s da utiliza\u00e7\u00e3o de recursos museais. Sua programa\u00e7\u00e3o diversificada inclui exposi\u00e7\u00f5es, cursos, oficinas e debates. Integrante do Circuito Cultural Pra\u00e7a da Liberdade, o Espa\u00e7o do Conhecimento \u00e9 fruto da parceria entre a operadora TIM, a UFMG e o Governo de Minas. O Espa\u00e7o conta com o apoio da Funda\u00e7\u00e3o de Amparo \u00e0 Pesquisa do Estado de Minas Gerais \u2013 FAPEMIG \u2013 e da Rede de Museus e Espa\u00e7o de Ci\u00eancia e Cultura da UFMG.<\/p>\n<p><strong>Servi\u00e7o:<\/strong> Exposi\u00e7\u00e3o &#8211; Quando o Jequitinhonha Canta e Dan\u00e7a<br \/>\n<strong>Per\u00edodo:<\/strong> 15 de maio a 01 de junho<br \/>\n<strong>Local:<\/strong> Espa\u00e7o do Conhecimento UFMG &#8211; Circuito Cultural Pra\u00e7a da Liberdade<br \/>\n<strong>Valor:<\/strong> Entrada Franca<br \/>\n<strong>Mais informa\u00e7\u00f5es:<\/strong> <a href=\"http:\/\/www.espacodoconhecimento.org.br\" target=\"_blank\">www.espacodoconhecimento.org.br<\/a><br \/>\n<strong>Informa\u00e7\u00f5es para a Imprensa:<\/strong> (31)3409 8366 ou imprensa@espacodoconhecimento.org.br<\/p>\n","protected":false},"excerpt":{"rendered":"<p>Diversidade cultural do Vale do Jequitinhonha \u00e9 retratada em exposi\u00e7\u00e3o no Espa\u00e7o do Conhecimento UFMG Questionamentos sobre as identidades e as m\u00faltiplas faces da cultura popular s\u00e3o alguns dos temas levantados na exposi\u00e7\u00e3o Quando o Jequitinhonha Canta e Dan\u00e7a, realizada entre 15 de maio e 01 de junho, no Espa\u00e7o do Conhecimento UFMG. A mostra [&hellip;]<\/p>\n","protected":false},"author":1,"featured_media":28762,"comment_status":"open","ping_status":"closed","sticky":false,"template":"","format":"standard","meta":{"amp_status":"","footnotes":""},"categories":[125],"tags":[7454,7455,6475],"class_list":["post-28761","post","type-post","status-publish","format-standard","has-post-thumbnail","hentry","category-noticias","tag-exposicao-propoe-outros-olhares-sobre-a-cultura-do-vale-jequitinhonha","tag-exposicao-quando-o-jequitinhonha-canta-e-danca","tag-quando-o-jequitinhonha-canta-e-danca"],"_links":{"self":[{"href":"https:\/\/aconteceunovale.com.br\/portal\/index.php?rest_route=\/wp\/v2\/posts\/28761","targetHints":{"allow":["GET"]}}],"collection":[{"href":"https:\/\/aconteceunovale.com.br\/portal\/index.php?rest_route=\/wp\/v2\/posts"}],"about":[{"href":"https:\/\/aconteceunovale.com.br\/portal\/index.php?rest_route=\/wp\/v2\/types\/post"}],"author":[{"embeddable":true,"href":"https:\/\/aconteceunovale.com.br\/portal\/index.php?rest_route=\/wp\/v2\/users\/1"}],"replies":[{"embeddable":true,"href":"https:\/\/aconteceunovale.com.br\/portal\/index.php?rest_route=%2Fwp%2Fv2%2Fcomments&post=28761"}],"version-history":[{"count":0,"href":"https:\/\/aconteceunovale.com.br\/portal\/index.php?rest_route=\/wp\/v2\/posts\/28761\/revisions"}],"wp:featuredmedia":[{"embeddable":true,"href":"https:\/\/aconteceunovale.com.br\/portal\/index.php?rest_route=\/wp\/v2\/media\/28762"}],"wp:attachment":[{"href":"https:\/\/aconteceunovale.com.br\/portal\/index.php?rest_route=%2Fwp%2Fv2%2Fmedia&parent=28761"}],"wp:term":[{"taxonomy":"category","embeddable":true,"href":"https:\/\/aconteceunovale.com.br\/portal\/index.php?rest_route=%2Fwp%2Fv2%2Fcategories&post=28761"},{"taxonomy":"post_tag","embeddable":true,"href":"https:\/\/aconteceunovale.com.br\/portal\/index.php?rest_route=%2Fwp%2Fv2%2Ftags&post=28761"}],"curies":[{"name":"wp","href":"https:\/\/api.w.org\/{rel}","templated":true}]}}