{"id":28669,"date":"2014-05-12T15:18:11","date_gmt":"2014-05-12T18:18:11","guid":{"rendered":"http:\/\/aconteceunovale.com.br\/portal\/?p=28669"},"modified":"2014-05-12T15:18:11","modified_gmt":"2014-05-12T18:18:11","slug":"servidores-do-hospital-bom-samaritano-em-teofilo-otoni-anunciam-greve-por-tempo-indeterminado","status":"publish","type":"post","link":"https:\/\/aconteceunovale.com.br\/portal\/?p=28669","title":{"rendered":"Servidores do Hospital Bom Samaritano em Te\u00f3filo Otoni anunciam greve por tempo indeterminado"},"content":{"rendered":"<p>A partir da pr\u00f3xima ter\u00e7a-feira (13), funcion\u00e1rios do Hospital Bom Samaritano entrar\u00e3o em greve por tempo indeterminado. A informa\u00e7\u00e3o foi confirmada por Gilberto Nascimento Reis presidente do Sindicato dos Trabalhadores em Estabelecimentos de Servi\u00e7os de Sa\u00fade de Te\u00f3filo Otoni (SISTESSTOR). Segundo Nascimento, a situa\u00e7\u00e3o tornou-se insustent\u00e1vel, e a \u00fanica medida restante foi a paralisa\u00e7\u00e3o dos profissionais por tempo indeterminado.<\/p>\n<p><img decoding=\"async\" src=\"http:\/\/aconteceunovale.com.br\/portal\/wp-content\/uploads\/2014\/05\/hospital_teofilootoni_greve.jpg\" alt=\"\" \/><em><strong>Gilberto Nascimento Reis presidente do Sindicato dos Trabalhadores em Estabelecimentos de Servi\u00e7os de Sa\u00fade de Te\u00f3filo Otoni (SISTESSTOR) &#8211; Foto: Di\u00e1rio de Te\u00f3filo Otoni<\/strong><\/em><br \/>\n<\/br><\/p>\n<p>\u201cA situa\u00e7\u00e3o \u00e9 muito preocupante, porque esses funcion\u00e1rios tinham que ter o sal\u00e1rio reajustado a partir do dia 1\u00ba de abril deste ano, mas n\u00e3o foi. Chegamos a participar de algumas reuni\u00f5es com o jur\u00eddico da Prefeitura, que hoje responde pelo Hospital Bom Samaritano. Durante esses encontros, o departamento jur\u00eddico do munic\u00edpio informou que n\u00e3o tem condi\u00e7\u00f5es de fazer o reajuste salarial daqueles funcion\u00e1rios. Ent\u00e3o reunimos todos os funcion\u00e1rios e decidimos que a partir de terceira-feira vamos fazer uma paralisa\u00e7\u00e3o por tempo indeterminado. Acreditamos que esta seja a \u00fanica arma que n\u00f3s temos. Tentamos de v\u00e1rias formas sensibilizar a diretoria do hospital a fazer um acordo coletivo de trabalho, de melhores condi\u00e7\u00f5es, e n\u00e3o est\u00e1 acontecendo\u201d, explicou.<\/p>\n<p>De acordo com o presidente do Sindicato dos Trabalhadores em Sa\u00fade, a greve ser\u00e1 deflagrada na pr\u00f3xima ter\u00e7a-feira e estender\u00e1 at\u00e9 a nova proposta da diretoria do hospital. <\/p>\n<p>\u201cHoje s\u00e3o mais de 80 funcion\u00e1rios, que aprovaram a paralisa\u00e7\u00e3o. A media salarial \u00e9 de R$ 880 para o t\u00e9cnico de enfermagem. Estamos pedindo um reajuste para R$ 1.200\u201d, concluiu Nascimento. (Di\u00e1rio de Te\u00f3filo Otoni)<\/p>\n","protected":false},"excerpt":{"rendered":"<p>A partir da pr\u00f3xima ter\u00e7a-feira (13), funcion\u00e1rios do Hospital Bom Samaritano entrar\u00e3o em greve por tempo indeterminado. A informa\u00e7\u00e3o foi confirmada por Gilberto Nascimento Reis presidente do Sindicato dos Trabalhadores em Estabelecimentos de Servi\u00e7os de Sa\u00fade de Te\u00f3filo Otoni (SISTESSTOR). Segundo Nascimento, a situa\u00e7\u00e3o tornou-se insustent\u00e1vel, e a \u00fanica medida restante foi a paralisa\u00e7\u00e3o dos [&hellip;]<\/p>\n","protected":false},"author":1,"featured_media":28670,"comment_status":"open","ping_status":"closed","sticky":false,"template":"","format":"standard","meta":{"amp_status":"","footnotes":""},"categories":[122],"tags":[7430,7429,164],"class_list":["post-28669","post","type-post","status-publish","format-standard","has-post-thumbnail","hentry","category-mucuri","tag-hospital-bom-samaritano-em-teofilo-otoni","tag-servidores-do-hospital-bom-samaritano-em-teofilo-otoni-anunciam-greve-por-tempo-indeterminado","tag-teofilo-otoni"],"_links":{"self":[{"href":"https:\/\/aconteceunovale.com.br\/portal\/index.php?rest_route=\/wp\/v2\/posts\/28669","targetHints":{"allow":["GET"]}}],"collection":[{"href":"https:\/\/aconteceunovale.com.br\/portal\/index.php?rest_route=\/wp\/v2\/posts"}],"about":[{"href":"https:\/\/aconteceunovale.com.br\/portal\/index.php?rest_route=\/wp\/v2\/types\/post"}],"author":[{"embeddable":true,"href":"https:\/\/aconteceunovale.com.br\/portal\/index.php?rest_route=\/wp\/v2\/users\/1"}],"replies":[{"embeddable":true,"href":"https:\/\/aconteceunovale.com.br\/portal\/index.php?rest_route=%2Fwp%2Fv2%2Fcomments&post=28669"}],"version-history":[{"count":0,"href":"https:\/\/aconteceunovale.com.br\/portal\/index.php?rest_route=\/wp\/v2\/posts\/28669\/revisions"}],"wp:featuredmedia":[{"embeddable":true,"href":"https:\/\/aconteceunovale.com.br\/portal\/index.php?rest_route=\/wp\/v2\/media\/28670"}],"wp:attachment":[{"href":"https:\/\/aconteceunovale.com.br\/portal\/index.php?rest_route=%2Fwp%2Fv2%2Fmedia&parent=28669"}],"wp:term":[{"taxonomy":"category","embeddable":true,"href":"https:\/\/aconteceunovale.com.br\/portal\/index.php?rest_route=%2Fwp%2Fv2%2Fcategories&post=28669"},{"taxonomy":"post_tag","embeddable":true,"href":"https:\/\/aconteceunovale.com.br\/portal\/index.php?rest_route=%2Fwp%2Fv2%2Ftags&post=28669"}],"curies":[{"name":"wp","href":"https:\/\/api.w.org\/{rel}","templated":true}]}}