{"id":28666,"date":"2014-05-12T14:52:34","date_gmt":"2014-05-12T17:52:34","guid":{"rendered":"http:\/\/aconteceunovale.com.br\/portal\/?p=28666"},"modified":"2014-05-12T14:52:34","modified_gmt":"2014-05-12T17:52:34","slug":"programa-ajuda-dependentes-quimicos-a-refazerem-a-vida-no-vale-do-aco","status":"publish","type":"post","link":"https:\/\/aconteceunovale.com.br\/portal\/?p=28666","title":{"rendered":"Programa ajuda dependentes qu\u00edmicos a refazerem a vida no Vale do A\u00e7o"},"content":{"rendered":"<p>Homens com idades entre 18 e 59 anos, a maioria de fam\u00edlia de baixa renda, que tiveram emprego e relacionamentos prejudicados por causa da depend\u00eancia de drogas como o crack, a coca\u00edna e o \u00e1lcool. Esse \u00e9 o perfil dos internos nas comunidades terap\u00eauticas do Vale do A\u00e7o que, por meio do Cart\u00e3o Alian\u00e7a pela Vida, recebem aux\u00edlio financeiro do Governo de Minas para custear o tratamento dos usu\u00e1rios. Em todo o Estado, o Cart\u00e3o contabiliza 1.937 atendimentos e investimentos da ordem de R$ 6 milh\u00f5es.<\/p>\n<p>\u201cO programa Alian\u00e7a pela Vida, implementado pelo Governo de Minas, \u00e9 de grande alcance social porque permite que pessoas carentes tenham acesso ao tratamento\u201d, afirma Jos\u00e9 Pedro da Silva, gerente da Cl\u00ednica de Recupera\u00e7\u00e3o de Toxic\u00f4manos e Alc\u00f3olatras (Clirec), no munic\u00edpio de Tim\u00f3teo. A institui\u00e7\u00e3o \u00e9 uma das comunidades terap\u00eauticas credenciadas pelo Cart\u00e3o Alian\u00e7a e atende, atualmente, 13 benefici\u00e1rios em regime de internato. L\u00e1 eles contam com ajuda psicol\u00f3gica, assist\u00eancia social e espiritual. A laborterapia tamb\u00e9m faz parte do tratamento e inclui oficinas que ensinam culin\u00e1ria, cuidar de hortas e cursos profissionalizantes. Outra etapa \u00e9 a reinser\u00e7\u00e3o social para estreitar o conv\u00edvio do dependente com a fam\u00edlia.<\/p>\n<p><img decoding=\"async\" src=\"http:\/\/aconteceunovale.com.br\/portal\/wp-content\/uploads\/2014\/05\/no-vale-do-aco-programa-ajuda-dependentes-quimicos-a-refazerem-a-vida.jpg\" alt=\"\" \/><em><strong>Cl\u00ednica de Recupera\u00e7\u00e3o de Toxic\u00f4manos e Alc\u00f3olatras (Clirec), no munic\u00edpio de Tim\u00f3teo<\/strong><\/em><br \/>\n<\/br><\/p>\n<p>Marcelo Vieira Campos, de 27 anos, \u00e9 um dos beneficiados pelo Cart\u00e3o Alian\u00e7a. Ele iniciou o tratamento h\u00e1 dois meses na Clirec e j\u00e1 fala com a determina\u00e7\u00e3o de quem deseja se ver livre da depend\u00eancia do crack. \u201cIsso me afastou da fam\u00edlia, me fez perder a estabilidade financeira e at\u00e9 o car\u00e1ter. Agora pretendo levar o tratamento at\u00e9 o final\u201d, garante. Para Marcelo, o Cart\u00e3o Alian\u00e7a oferece a oportunidade de refazer a vida e ele aconselha outros dependentes para que \u201cn\u00e3o tenham medo de pedir ajuda e de aproveitar essa chance\u201d.<\/p>\n<p>Rivadavia Cruz do Nascimento, de 41 anos, foi o primeiro interno da Associa\u00e7\u00e3o Beneficente \u00c1guas Novas, em Ipatinga, a receber assist\u00eancia por meio do Cart\u00e3o Alian\u00e7a. O credenciamento da associa\u00e7\u00e3o foi em outubro de 2013 e Rivadavia come\u00e7ou o tratamento para se livrar do \u00e1lcool em janeiro deste ano. \u201cEu precisava dessa ajuda e pretendo levar a s\u00e9rio o tratamento para que eu tenha minha vida de volta\u201d, diz Rivadavia, que \u00e9 pai de dois filhos.<\/p>\n<h4><strong>A\u00e7\u00e3o depende da ades\u00e3o dos munic\u00edpios<\/strong><\/h4>\n<p>O Cart\u00e3o Alian\u00e7a pela Vida \u00e9 uma ferramenta do programa Alian\u00e7a pela Vida, criado em 2011 pelo Governo de Minas e coordenado pela Secretaria de Estado de Sa\u00fade (SES-MG). A a\u00e7\u00e3o \u00e9 desenvolvida a partir da ades\u00e3o de prefeituras e credenciamento de comunidades terap\u00eauticas.<\/p>\n<p>O servi\u00e7o de sa\u00fade \u00e9 a porta de entrada para que o usu\u00e1rio solicite tratamento. Ele passa por uma avalia\u00e7\u00e3o e, caso seja confirmada a necessidade de apoio terap\u00eautico, recebe o encaminhamento e o benef\u00edcio financeiro do Cart\u00e3o Alian\u00e7a, que vai diretamente para a casa em que for realizado o tratamento. No local o residente recebe apoio m\u00e9dico, psicol\u00f3gico, educacional e comportamental. O valor do incentivo financeiro do Cart\u00e3o Alian\u00e7a \u00e9 de R$ 45 por dia de interna\u00e7\u00e3o.<\/p>\n<p>Na jurisdi\u00e7\u00e3o da Superintend\u00eancia Regional de Sa\u00fade de Coronel Fabriciano aderiram ao Cart\u00e3o Alian\u00e7a os seguintes munic\u00edpios: A\u00e7ucena, Ant\u00f4nio Dias, Belo Oriente, Bom Jesus do Galho, Caratinga, Dion\u00edsio, Inhapim, Joan\u00e9sia, Santana do Para\u00edso, S\u00e3o Sebasti\u00e3o do Anta, Tim\u00f3teo e Coronel Fabriciano.<\/p>\n<h4><strong>Territ\u00f3rio Alian\u00e7a<\/strong><\/h4>\n<p>Al\u00e9m do Cart\u00e3o, outra ferramenta do programa Alian\u00e7a pela Vida, voltada para usu\u00e1rios de \u00e1lcool e outras drogas, \u00e9 o Territ\u00f3rio Alian\u00e7a, em que equipes interdisciplinares realizam a abordagem de rua ao usu\u00e1rio. Em todo o Estado j\u00e1 foram realizados 11.429 atendimentos, por meio de dezoito institui\u00e7\u00f5es credenciadas.<\/p>\n","protected":false},"excerpt":{"rendered":"<p>Homens com idades entre 18 e 59 anos, a maioria de fam\u00edlia de baixa renda, que tiveram emprego e relacionamentos prejudicados por causa da depend\u00eancia de drogas como o crack, a coca\u00edna e o \u00e1lcool. Esse \u00e9 o perfil dos internos nas comunidades terap\u00eauticas do Vale do A\u00e7o que, por meio do Cart\u00e3o Alian\u00e7a pela [&hellip;]<\/p>\n","protected":false},"author":1,"featured_media":28667,"comment_status":"open","ping_status":"closed","sticky":false,"template":"","format":"standard","meta":{"amp_status":"","footnotes":""},"categories":[121],"tags":[971,1740,350,1101,237,1524,1727,296,777,7428,2101,323,1105],"class_list":["post-28666","post","type-post","status-publish","format-standard","has-post-thumbnail","hentry","category-leste","tag-acucena","tag-antonio-dias","tag-belo-oriente","tag-bom-jesus-do-galho","tag-caratinga","tag-coronel-fabriciano","tag-dionisio","tag-inhapim","tag-joanesia","tag-programa-ajuda-dependentes-quimicos-a-refazerem-a-vida-no-vale-do-aco","tag-santana-do-paraiso","tag-sao-sebastiao-do-anta","tag-timoteo"],"_links":{"self":[{"href":"https:\/\/aconteceunovale.com.br\/portal\/index.php?rest_route=\/wp\/v2\/posts\/28666","targetHints":{"allow":["GET"]}}],"collection":[{"href":"https:\/\/aconteceunovale.com.br\/portal\/index.php?rest_route=\/wp\/v2\/posts"}],"about":[{"href":"https:\/\/aconteceunovale.com.br\/portal\/index.php?rest_route=\/wp\/v2\/types\/post"}],"author":[{"embeddable":true,"href":"https:\/\/aconteceunovale.com.br\/portal\/index.php?rest_route=\/wp\/v2\/users\/1"}],"replies":[{"embeddable":true,"href":"https:\/\/aconteceunovale.com.br\/portal\/index.php?rest_route=%2Fwp%2Fv2%2Fcomments&post=28666"}],"version-history":[{"count":0,"href":"https:\/\/aconteceunovale.com.br\/portal\/index.php?rest_route=\/wp\/v2\/posts\/28666\/revisions"}],"wp:featuredmedia":[{"embeddable":true,"href":"https:\/\/aconteceunovale.com.br\/portal\/index.php?rest_route=\/wp\/v2\/media\/28667"}],"wp:attachment":[{"href":"https:\/\/aconteceunovale.com.br\/portal\/index.php?rest_route=%2Fwp%2Fv2%2Fmedia&parent=28666"}],"wp:term":[{"taxonomy":"category","embeddable":true,"href":"https:\/\/aconteceunovale.com.br\/portal\/index.php?rest_route=%2Fwp%2Fv2%2Fcategories&post=28666"},{"taxonomy":"post_tag","embeddable":true,"href":"https:\/\/aconteceunovale.com.br\/portal\/index.php?rest_route=%2Fwp%2Fv2%2Ftags&post=28666"}],"curies":[{"name":"wp","href":"https:\/\/api.w.org\/{rel}","templated":true}]}}