{"id":28663,"date":"2014-05-12T14:45:40","date_gmt":"2014-05-12T17:45:40","guid":{"rendered":"http:\/\/aconteceunovale.com.br\/portal\/?p=28663"},"modified":"2014-05-12T14:45:40","modified_gmt":"2014-05-12T17:45:40","slug":"estado-incentiva-difusao-da-agroecologia-no-norte-de-minas-e-vale-do-jequitinhonha","status":"publish","type":"post","link":"https:\/\/aconteceunovale.com.br\/portal\/?p=28663","title":{"rendered":"Estado incentiva difus\u00e3o da agroecologia no Norte de Minas e Vale do Jequitinhonha"},"content":{"rendered":"<h4><strong>Ci\u00eancia vem apresentando grande destaque no cen\u00e1rio socioecon\u00f4mico. Regi\u00f5es apresentam potencial para o desenvolvimento da atividade<\/strong><\/h4>\n<p>Com o objetivo de promover a agroecologia nos Vales do Jequitinhonha e Mucuri, o Governo de Minas, por meio da Secretaria de Estado de Ci\u00eancia, Tecnologia e Ensino Superior realiza o Curso de Inicia\u00e7\u00e3o em Agroecologia. A iniciativa, que integra o programa Polos de Inova\u00e7\u00e3o, busca incentivar o desenvolvimento, a valoriza\u00e7\u00e3o, a organiza\u00e7\u00e3o, a capacita\u00e7\u00e3o, a melhoria na qualidade dos produtos e da qualidade de vida dos agricultores rurais, respeitando as peculiaridades regionais. Nesta quarta-feira (13\/05), vai ser realizada a primeira etapa do curso no munic\u00edpio de Salinas, onde o foco principal ser\u00e1 a difus\u00e3o das pr\u00e1ticas agroecol\u00f3gicas e a orienta\u00e7\u00e3o sobre os mecanismos de controle da qualidade org\u00e2nica.<\/p>\n<p>Nas regi\u00f5es Norte e Nordeste de Minas Gerais encontra-se uma significativa diversidade sociocultural, sendo habitados por comunidades de diferentes identidades como caatingueiros, ind\u00edgenas, quilombolas, vazanteiros e geraizeiros. Essas comunidades est\u00e3o relacionadas com uma heterogeneidade de agroecossistemas presentes nos biomas Cerrado, Caatinga e Mata Seca, bacias dos rios S\u00e3o Francisco, Jequitinhonha e Pardo.<\/p>\n<p>Considerando essa caracter\u00edstica  e o princ\u00edpio da diversidade que envolve a agroecologia, se estabelece nesta regi\u00e3o um gigantesco potencial para o desenvolvimento da atividade, destacando-se as cidades de Almenara, Ara\u00e7ua\u00ed, Janu\u00e1ria, Jana\u00faba, Diamantina, Pirapora, Salinas, Te\u00f3filo Otoni e suas proximidades.<\/p>\n<p>A agroecologia vem apresentando grande destaque no cen\u00e1rio socioecon\u00f4mico de Minas Gerais, com \u00e1rea plantada de mais de 741.377 mil hectares, o que representa a maior \u00e1rea de produ\u00e7\u00e3o brasileira. Al\u00e9m disso, Minas se destaca na variedade de produtos ofertados e na quantidade de estabelecimentos especializados neste mercado.<\/p>\n<p>A agroecologia \u00e9 uma agricultura que prop\u00f5e o rearranjo das atividades humanas sobre os ecossistemas naturais visando o aproveitamento racional dos recursos dispon\u00edveis atrav\u00e9s de pr\u00e1ticas de manejo diferenciadas, fundamentadas em novos paradigmas e princ\u00edpios cient\u00edficos. A busca crescente por alimentos mais saud\u00e1veis e livres de agrot\u00f3xicos tem incentivado a produ\u00e7\u00e3o mundial de produtos agroecol\u00f3gicos, a abertura de novos canais de comercializa\u00e7\u00e3o e distribui\u00e7\u00e3o tem tornado a demanda por esse produto cada vez mais regular. Dentro deste contexto o Brasil tem se destacado e desponta como um dos maiores produtores mundiais de produtos agroecol\u00f3gicos.<\/p>\n","protected":false},"excerpt":{"rendered":"<p>Ci\u00eancia vem apresentando grande destaque no cen\u00e1rio socioecon\u00f4mico. Regi\u00f5es apresentam potencial para o desenvolvimento da atividade Com o objetivo de promover a agroecologia nos Vales do Jequitinhonha e Mucuri, o Governo de Minas, por meio da Secretaria de Estado de Ci\u00eancia, Tecnologia e Ensino Superior realiza o Curso de Inicia\u00e7\u00e3o em Agroecologia. A iniciativa, que [&hellip;]<\/p>\n","protected":false},"author":1,"featured_media":28664,"comment_status":"open","ping_status":"closed","sticky":false,"template":"","format":"standard","meta":{"amp_status":"","footnotes":""},"categories":[123],"tags":[142,186,198,7427,204,205,254,190,164],"class_list":["post-28663","post","type-post","status-publish","format-standard","has-post-thumbnail","hentry","category-gerais","tag-almenara","tag-aracuai","tag-diamantina","tag-estado-incentiva-difusao-da-agroecologia-no-norte-de-minas-e-vale-do-jequitinhonha","tag-janauba","tag-januaria","tag-pirapora","tag-salinas","tag-teofilo-otoni"],"_links":{"self":[{"href":"https:\/\/aconteceunovale.com.br\/portal\/index.php?rest_route=\/wp\/v2\/posts\/28663","targetHints":{"allow":["GET"]}}],"collection":[{"href":"https:\/\/aconteceunovale.com.br\/portal\/index.php?rest_route=\/wp\/v2\/posts"}],"about":[{"href":"https:\/\/aconteceunovale.com.br\/portal\/index.php?rest_route=\/wp\/v2\/types\/post"}],"author":[{"embeddable":true,"href":"https:\/\/aconteceunovale.com.br\/portal\/index.php?rest_route=\/wp\/v2\/users\/1"}],"replies":[{"embeddable":true,"href":"https:\/\/aconteceunovale.com.br\/portal\/index.php?rest_route=%2Fwp%2Fv2%2Fcomments&post=28663"}],"version-history":[{"count":0,"href":"https:\/\/aconteceunovale.com.br\/portal\/index.php?rest_route=\/wp\/v2\/posts\/28663\/revisions"}],"wp:featuredmedia":[{"embeddable":true,"href":"https:\/\/aconteceunovale.com.br\/portal\/index.php?rest_route=\/wp\/v2\/media\/28664"}],"wp:attachment":[{"href":"https:\/\/aconteceunovale.com.br\/portal\/index.php?rest_route=%2Fwp%2Fv2%2Fmedia&parent=28663"}],"wp:term":[{"taxonomy":"category","embeddable":true,"href":"https:\/\/aconteceunovale.com.br\/portal\/index.php?rest_route=%2Fwp%2Fv2%2Fcategories&post=28663"},{"taxonomy":"post_tag","embeddable":true,"href":"https:\/\/aconteceunovale.com.br\/portal\/index.php?rest_route=%2Fwp%2Fv2%2Ftags&post=28663"}],"curies":[{"name":"wp","href":"https:\/\/api.w.org\/{rel}","templated":true}]}}