{"id":28609,"date":"2014-05-12T09:49:03","date_gmt":"2014-05-12T12:49:03","guid":{"rendered":"http:\/\/aconteceunovale.com.br\/portal\/?p=28609"},"modified":"2014-05-12T09:49:03","modified_gmt":"2014-05-12T12:49:03","slug":"espetaculo-vozes-vence-o-4o-festival-de-animacao-e-arte-de-capelinha","status":"publish","type":"post","link":"https:\/\/aconteceunovale.com.br\/portal\/?p=28609","title":{"rendered":"Espet\u00e1culo \u201cVOZES\u201d vence o 4\u00ba Festival de Anima\u00e7\u00e3o e Arte de Capelinha"},"content":{"rendered":"<p>O Grupo de Teatro Anim\u2019Art realizou na noite deste Domingo (11\/05\/2014) no Espa\u00e7o Ativa Idade a cerim\u00f4nia de apura\u00e7\u00e3o de votos e premia\u00e7\u00e3o dos vencedores do 4\u00ba Festival de Anima\u00e7\u00e3o e Arte.<\/p>\n<p>4 espet\u00e1culos concorriam ao pr\u00eamio de melhor apresenta\u00e7\u00e3o teatral. O espet\u00e1culo \u201cVOZES\u201d foi o mais bem avaliado pelos jurados (Cimael Campos, Cula Sampaio e F\u00e1tima) e levou o pr\u00eamio de melhor espet\u00e1culo do festival.<\/p>\n<p><img decoding=\"async\" src=\"http:\/\/aconteceunovale.com.br\/portal\/wp-content\/uploads\/2014\/05\/final_festival_animacao_arte_2014_2.jpg\" alt=\"\" \/><br \/>\n<\/br><\/p>\n<p>A interpreta\u00e7\u00e3o do Espet\u00e1culo foi de Daniele Cristina, Gabriela Pinheiro, Maria Cordeiro e Nice Cavalcantti. A dire\u00e7\u00e3o foi de Reginaldo Rodrigues e a assist\u00eancia de B\u00e1rbara Let\u00edcia.<\/p>\n<p>O espet\u00e1culo \u201cQUEM ME ROUBOU DE MIM\u201d ficou com a 2\u00ba coloca\u00e7\u00e3o, com dire\u00e7\u00e3o de Dharlen Oliveira, assist\u00eancia de Anna Viegas e interpreta\u00e7\u00e3o de Clara Justus.<\/p>\n<p>O pr\u00eamio de melhor diretor ficou com Reginaldo Rodrigues, melhor assistente de dire\u00e7\u00e3o B\u00e1rbara Let\u00edcia, melhor atriz Clara Justus e melhor ator Andr\u00e9 Lopes.<\/p>\n<p><img decoding=\"async\" src=\"http:\/\/aconteceunovale.com.br\/portal\/wp-content\/uploads\/2014\/05\/final_festival_animacao_arte_2014_1.jpg\" alt=\"\" \/><br \/>\n<\/br><\/p>\n<p><strong>(Blog RegisCap1)<\/strong><\/p>\n","protected":false},"excerpt":{"rendered":"<p>O Grupo de Teatro Anim\u2019Art realizou na noite deste Domingo (11\/05\/2014) no Espa\u00e7o Ativa Idade a cerim\u00f4nia de apura\u00e7\u00e3o de votos e premia\u00e7\u00e3o dos vencedores do 4\u00ba Festival de Anima\u00e7\u00e3o e Arte. 4 espet\u00e1culos concorriam ao pr\u00eamio de melhor apresenta\u00e7\u00e3o teatral. O espet\u00e1culo \u201cVOZES\u201d foi o mais bem avaliado pelos jurados (Cimael Campos, Cula Sampaio [&hellip;]<\/p>\n","protected":false},"author":1,"featured_media":28610,"comment_status":"open","ping_status":"closed","sticky":false,"template":"","format":"standard","meta":{"amp_status":"","footnotes":""},"categories":[120],"tags":[7410,132,1018,7409],"class_list":["post-28609","post","type-post","status-publish","format-standard","has-post-thumbnail","hentry","category-jequi","tag-4o-festival-de-animacao-e-arte-de-capelinha","tag-capelinha","tag-destaque","tag-espetaculo-vozes-vence-o-4o-festival-de-animacao-e-arte-de-capelinha"],"_links":{"self":[{"href":"https:\/\/aconteceunovale.com.br\/portal\/index.php?rest_route=\/wp\/v2\/posts\/28609","targetHints":{"allow":["GET"]}}],"collection":[{"href":"https:\/\/aconteceunovale.com.br\/portal\/index.php?rest_route=\/wp\/v2\/posts"}],"about":[{"href":"https:\/\/aconteceunovale.com.br\/portal\/index.php?rest_route=\/wp\/v2\/types\/post"}],"author":[{"embeddable":true,"href":"https:\/\/aconteceunovale.com.br\/portal\/index.php?rest_route=\/wp\/v2\/users\/1"}],"replies":[{"embeddable":true,"href":"https:\/\/aconteceunovale.com.br\/portal\/index.php?rest_route=%2Fwp%2Fv2%2Fcomments&post=28609"}],"version-history":[{"count":0,"href":"https:\/\/aconteceunovale.com.br\/portal\/index.php?rest_route=\/wp\/v2\/posts\/28609\/revisions"}],"wp:featuredmedia":[{"embeddable":true,"href":"https:\/\/aconteceunovale.com.br\/portal\/index.php?rest_route=\/wp\/v2\/media\/28610"}],"wp:attachment":[{"href":"https:\/\/aconteceunovale.com.br\/portal\/index.php?rest_route=%2Fwp%2Fv2%2Fmedia&parent=28609"}],"wp:term":[{"taxonomy":"category","embeddable":true,"href":"https:\/\/aconteceunovale.com.br\/portal\/index.php?rest_route=%2Fwp%2Fv2%2Fcategories&post=28609"},{"taxonomy":"post_tag","embeddable":true,"href":"https:\/\/aconteceunovale.com.br\/portal\/index.php?rest_route=%2Fwp%2Fv2%2Ftags&post=28609"}],"curies":[{"name":"wp","href":"https:\/\/api.w.org\/{rel}","templated":true}]}}