{"id":28528,"date":"2014-05-11T12:12:42","date_gmt":"2014-05-11T15:12:42","guid":{"rendered":"http:\/\/aconteceunovale.com.br\/portal\/?p=28528"},"modified":"2014-05-11T12:12:42","modified_gmt":"2014-05-11T15:12:42","slug":"policia-federal-investiga-ameacas-de-morte-a-joaquim-barbosa-pelas-redes-sociais","status":"publish","type":"post","link":"https:\/\/aconteceunovale.com.br\/portal\/?p=28528","title":{"rendered":"Pol\u00edcia Federal investiga amea\u00e7as de morte a Joaquim Barbosa pelas redes sociais"},"content":{"rendered":"<p>A Pol\u00edcia Federal (PF) investiga, a pedido do Supremo Tribunal Federal (STF), amea\u00e7as de morte ao presidente da Corte, ministro Joaquim Barbosa, em perfis de redes sociais na internet. Em um dos dois inqu\u00e9ritos de investiga\u00e7\u00e3o, a PF descobriu que um dos que amea\u00e7aram o ministro foi S\u00e9rvolo de Oliveira e Silva, secret\u00e1rio de organiza\u00e7\u00e3o do diret\u00f3rio do PT em Natal e membro da Comiss\u00e3o de \u00c9tica do partido no Rio Grande do Norte. <\/p>\n<p>\u201cContra Joaquim Barbosa toda viol\u00eancia \u00e9 permitida, porque n\u00e3o se trata de um ser humano, mas de um monstro e de uma aberra\u00e7\u00e3o moral das mais pavorosas\u201d, postou o petista no perfil do Facebook com o nome de S\u00e9rvolo Aimor\u00e9-Botocudo de Oliveira, como informou a edi\u00e7\u00e3o da revista \u201cVeja\u201d deste fim de semana.<\/p>\n<p>\u201cJoaquim Barbosa deve ser morto. Ponto Final. Estou amea\u00e7ando a um monstro que \u00e9 uma amea\u00e7a ao meu pa\u00eds. Barbosa \u00e9 um monstro e como monstro deve ser tratado\u201d, continuou S\u00e9rvolo. A reportagem de \u201cVeja\u201d conta que em uma das mensagens postadas no perfil fake, o petista escreve que o ministro \u201cmorreria de c\u00e2ncer ou com um tiro na cabe\u00e7a\u201d e que seus algozes seriam \u201cseus senhores do novo engenho, seu capit\u00e3o do mato\u201d. Ele chama Joaquim Barbosa de \u201ctraidor\u201d.<\/p>\n<p>Depois que come\u00e7ou a ser investigado pela PF, o dirigente petista se mudou para Foz de Igua\u00e7u e tirou do ar o perfil falso. \u00c0 revista, ele diz que fez men\u00e7\u00e3o ao tiro na cabe\u00e7a porque se lembrou da morte do PC Farias. \u201cA burguesia brasileira age assim. Sou do candombl\u00e9, n\u00e3o tenho coragem de matar ningu\u00e9m\u201d, afirmou, completando que se quisesse de fato matar algu\u00e9m, n\u00e3o postaria a amea\u00e7a na internet.<\/p>\n<p>No outro inqu\u00e9rito, segundo pedido do Minist\u00e9rio P\u00fablico Federal (MPF), a PF investiga quem est\u00e1 por tr\u00e1s do perfil de Bras\u00edlia que convoca membros e correligion\u00e1rios do PT a atentar contra a vida do presidente do STF. Amea\u00e7a de morte pode render uma pena de at\u00e9 seis meses de pris\u00e3o, de acordo com o C\u00f3digo Penal.<\/p>\n<p>O presidente do STF foi procurado, por meio da assessoria, e n\u00e3o quis se manifestar sobre as amea\u00e7as.<\/p>\n<h4><strong>Sem resposta<\/strong><\/h4>\n<p>Procurada neste s\u00e1bado pela reportagem, a dire\u00e7\u00e3o nacional do PT disse que n\u00e3o iria se manifestar sobre o tema. S\u00e9rvolo de Oliveira n\u00e3o foi localizado pela reportagem. (OTempo)<\/p>\n","protected":false},"excerpt":{"rendered":"<p>A Pol\u00edcia Federal (PF) investiga, a pedido do Supremo Tribunal Federal (STF), amea\u00e7as de morte ao presidente da Corte, ministro Joaquim Barbosa, em perfis de redes sociais na internet. Em um dos dois inqu\u00e9ritos de investiga\u00e7\u00e3o, a PF descobriu que um dos que amea\u00e7aram o ministro foi S\u00e9rvolo de Oliveira e Silva, secret\u00e1rio de organiza\u00e7\u00e3o [&hellip;]<\/p>\n","protected":false},"author":1,"featured_media":28529,"comment_status":"open","ping_status":"closed","sticky":false,"template":"","format":"standard","meta":{"amp_status":"","footnotes":""},"categories":[6],"tags":[7387,7386,7388],"class_list":["post-28528","post","type-post","status-publish","format-standard","has-post-thumbnail","hentry","category-br","tag-ameacas-de-morte-a-joaquim-barbosa","tag-policia-federal-investiga-ameacas-de-morte-a-joaquim-barbosa-pelas-redes-sociais","tag-servolo-de-oliveira-e-silva"],"_links":{"self":[{"href":"https:\/\/aconteceunovale.com.br\/portal\/index.php?rest_route=\/wp\/v2\/posts\/28528","targetHints":{"allow":["GET"]}}],"collection":[{"href":"https:\/\/aconteceunovale.com.br\/portal\/index.php?rest_route=\/wp\/v2\/posts"}],"about":[{"href":"https:\/\/aconteceunovale.com.br\/portal\/index.php?rest_route=\/wp\/v2\/types\/post"}],"author":[{"embeddable":true,"href":"https:\/\/aconteceunovale.com.br\/portal\/index.php?rest_route=\/wp\/v2\/users\/1"}],"replies":[{"embeddable":true,"href":"https:\/\/aconteceunovale.com.br\/portal\/index.php?rest_route=%2Fwp%2Fv2%2Fcomments&post=28528"}],"version-history":[{"count":0,"href":"https:\/\/aconteceunovale.com.br\/portal\/index.php?rest_route=\/wp\/v2\/posts\/28528\/revisions"}],"wp:featuredmedia":[{"embeddable":true,"href":"https:\/\/aconteceunovale.com.br\/portal\/index.php?rest_route=\/wp\/v2\/media\/28529"}],"wp:attachment":[{"href":"https:\/\/aconteceunovale.com.br\/portal\/index.php?rest_route=%2Fwp%2Fv2%2Fmedia&parent=28528"}],"wp:term":[{"taxonomy":"category","embeddable":true,"href":"https:\/\/aconteceunovale.com.br\/portal\/index.php?rest_route=%2Fwp%2Fv2%2Fcategories&post=28528"},{"taxonomy":"post_tag","embeddable":true,"href":"https:\/\/aconteceunovale.com.br\/portal\/index.php?rest_route=%2Fwp%2Fv2%2Ftags&post=28528"}],"curies":[{"name":"wp","href":"https:\/\/api.w.org\/{rel}","templated":true}]}}