{"id":28514,"date":"2014-05-10T21:10:04","date_gmt":"2014-05-11T00:10:04","guid":{"rendered":"http:\/\/aconteceunovale.com.br\/portal\/?p=28514"},"modified":"2014-05-12T20:53:14","modified_gmt":"2014-05-12T23:53:14","slug":"rapaz-e-morto-a-facadas-no-bairro-altinopolis-em-valadares-e-moradores-soltam-foguetes","status":"publish","type":"post","link":"https:\/\/aconteceunovale.com.br\/portal\/?p=28514","title":{"rendered":"Rapaz \u00e9 morto a tiros no Bairro Altin\u00f3polis em Valadares"},"content":{"rendered":"<p>Um rapaz de 22 anos, identificado como FELIPE DE SOUZA OTONI foi morto no in\u00edcio da noite deste s\u00e1bado, 10 de maio, na Rua dos Ip\u00eas, no Bairro Altin\u00f3polis, em Governador Valadares\/MG. <\/p>\n<p>A v\u00edtima foi atingida por tr\u00eas disparos de arma de fogo e morreu no local. O Corpo de Bombeiros foi acionado, mas n\u00e3o conseguiram salvar o rapaz.<\/p>\n<p>De acordo com a Pol\u00edcia Militar, populares relataram que no local estava ocorrendo uma festa e que Felipe participava dela em companhia de outras duas pessoas, apontadas como suspeitas do crime. Ap\u00f3s os disparos, esses suspeitos foram vistos fugindo em dire\u00e7\u00e3o \u00e0 linha f\u00e9rrea.<\/p>\n<p>O local foi isolado e um perito constatou que a v\u00edtima apresentava tr\u00eas perfura\u00e7\u00f5es causadas por disparos de arma de fogo. Em seguida, o corpo foi encaminhado ao Posto de Per\u00edcia Integrada (PPI). Ainda de acordo com a ocorr\u00eancia, a pol\u00edcia recolheu no local do crime tr\u00eas pares de chinelos.<\/p>\n<p><img decoding=\"async\" src=\"http:\/\/aconteceunovale.com.br\/portal\/wp-content\/uploads\/2014\/05\/morto_a_facadas_gv_10_05.jpg\" alt=\"\" \/><em>(Foto: Kildene de Jesus \/ Alterosa Alerta)<\/em><\/p>\n","protected":false},"excerpt":{"rendered":"<p>Um rapaz de 22 anos, identificado como FELIPE DE SOUZA OTONI foi morto no in\u00edcio da noite deste s\u00e1bado, 10 de maio, na Rua dos Ip\u00eas, no Bairro Altin\u00f3polis, em Governador Valadares\/MG. A v\u00edtima foi atingida por tr\u00eas disparos de arma de fogo e morreu no local. O Corpo de Bombeiros foi acionado, mas n\u00e3o [&hellip;]<\/p>\n","protected":false},"author":1,"featured_media":28515,"comment_status":"open","ping_status":"closed","sticky":false,"template":"","format":"standard","meta":{"amp_status":"","footnotes":""},"categories":[121],"tags":[1018,247,7380,7379,7442],"class_list":["post-28514","post","type-post","status-publish","format-standard","has-post-thumbnail","hentry","category-leste","tag-destaque","tag-governador-valadares","tag-rapaz-e-morto-a-facadas-no-bairro-altinopolis-em-valadares-e-moradores-soltam-foguetes","tag-rapaz-e-morto-a-facadas-no-bairro-altinopolis-em-valadares-e-populacao-parece-comemorar-o-fato","tag-rapaz-e-morto-a-tiros-no-bairro-altinopolis-em-valadares"],"_links":{"self":[{"href":"https:\/\/aconteceunovale.com.br\/portal\/index.php?rest_route=\/wp\/v2\/posts\/28514","targetHints":{"allow":["GET"]}}],"collection":[{"href":"https:\/\/aconteceunovale.com.br\/portal\/index.php?rest_route=\/wp\/v2\/posts"}],"about":[{"href":"https:\/\/aconteceunovale.com.br\/portal\/index.php?rest_route=\/wp\/v2\/types\/post"}],"author":[{"embeddable":true,"href":"https:\/\/aconteceunovale.com.br\/portal\/index.php?rest_route=\/wp\/v2\/users\/1"}],"replies":[{"embeddable":true,"href":"https:\/\/aconteceunovale.com.br\/portal\/index.php?rest_route=%2Fwp%2Fv2%2Fcomments&post=28514"}],"version-history":[{"count":0,"href":"https:\/\/aconteceunovale.com.br\/portal\/index.php?rest_route=\/wp\/v2\/posts\/28514\/revisions"}],"wp:featuredmedia":[{"embeddable":true,"href":"https:\/\/aconteceunovale.com.br\/portal\/index.php?rest_route=\/wp\/v2\/media\/28515"}],"wp:attachment":[{"href":"https:\/\/aconteceunovale.com.br\/portal\/index.php?rest_route=%2Fwp%2Fv2%2Fmedia&parent=28514"}],"wp:term":[{"taxonomy":"category","embeddable":true,"href":"https:\/\/aconteceunovale.com.br\/portal\/index.php?rest_route=%2Fwp%2Fv2%2Fcategories&post=28514"},{"taxonomy":"post_tag","embeddable":true,"href":"https:\/\/aconteceunovale.com.br\/portal\/index.php?rest_route=%2Fwp%2Fv2%2Ftags&post=28514"}],"curies":[{"name":"wp","href":"https:\/\/api.w.org\/{rel}","templated":true}]}}