{"id":28484,"date":"2014-05-10T14:04:13","date_gmt":"2014-05-10T17:04:13","guid":{"rendered":"http:\/\/aconteceunovale.com.br\/portal\/?p=28484"},"modified":"2014-05-10T20:35:53","modified_gmt":"2014-05-10T23:35:53","slug":"dois-jovens-sao-executados-a-tiros-em-governador-valadares","status":"publish","type":"post","link":"https:\/\/aconteceunovale.com.br\/portal\/?p=28484","title":{"rendered":"Dois jovens s\u00e3o executados a tiros em Governador Valadares"},"content":{"rendered":"<p>Duas pessoas foram brutalmente assassinadas na noite desta sexta-feira, 09 de maio, em Governador Valadares\/MG. Os crimes aconteceram quase que simultaneamente por volta das 20 horas nos Bairros S\u00e3o Pedro e Conjunto Sir.<\/p>\n<p>O primeiro assassinato foi na Rua Jos\u00e9 do Patroc\u00ednio, no Bairro S\u00e3o Pedro. De acordo com informa\u00e7\u00f5es da Pol\u00edcia Militar, Wesley Anast\u00e1cio do Nascimento de 19 anos foi morto com 11 tiros. Ainda segundo a PM os disparos foram efetuados por tr\u00eas pessoas que fugiram logo em seguida.<\/p>\n<p>J\u00e1 no Bairro Conjunto Sir, outro jovem de 21 anos, identificado como Patrick Ferreira dos Santos, foi morto por criminosos que estavam em um ve\u00edculo vermelho. Ao passarem pela v\u00edtima a Rua U, efetuaram os disparos e fugiram.<\/p>\n<p>Nos dois casos, as v\u00edtimas foram socorridas por moradores e levados ao Hospital Municipal, mas n\u00e3o resistiram aos ferimentos e morreram.<\/p>\n<p>A Pol\u00edcia Militar realiza rastreamentos na tentativa de localizar e prender os poss\u00edveis autores. <\/p>\n<p><img decoding=\"async\" src=\"http:\/\/aconteceunovale.com.br\/portal\/wp-content\/uploads\/2014\/05\/executados_gv_09_05.jpg\" alt=\"\" \/><em>(A foto divulgada pelo Programa GV Alerta mostra os dois rapazes em macas no Hospital Municipal.)<\/em><br \/>\n<\/br><\/p>\n<p><strong>(Reda\u00e7\u00e3o do Portal Aconteceu no Vale com informa\u00e7\u00f5es do Programa GV Alerta)<\/strong><\/p>\n","protected":false},"excerpt":{"rendered":"<p>Duas pessoas foram brutalmente assassinadas na noite desta sexta-feira, 09 de maio, em Governador Valadares\/MG. Os crimes aconteceram quase que simultaneamente por volta das 20 horas nos Bairros S\u00e3o Pedro e Conjunto Sir. O primeiro assassinato foi na Rua Jos\u00e9 do Patroc\u00ednio, no Bairro S\u00e3o Pedro. De acordo com informa\u00e7\u00f5es da Pol\u00edcia Militar, Wesley Anast\u00e1cio [&hellip;]<\/p>\n","protected":false},"author":1,"featured_media":28485,"comment_status":"open","ping_status":"closed","sticky":false,"template":"","format":"standard","meta":{"amp_status":"","footnotes":""},"categories":[121],"tags":[7373,247],"class_list":["post-28484","post","type-post","status-publish","format-standard","has-post-thumbnail","hentry","category-leste","tag-dois-jovens-sao-executados-a-tiros-em-governador-valadares","tag-governador-valadares"],"_links":{"self":[{"href":"https:\/\/aconteceunovale.com.br\/portal\/index.php?rest_route=\/wp\/v2\/posts\/28484","targetHints":{"allow":["GET"]}}],"collection":[{"href":"https:\/\/aconteceunovale.com.br\/portal\/index.php?rest_route=\/wp\/v2\/posts"}],"about":[{"href":"https:\/\/aconteceunovale.com.br\/portal\/index.php?rest_route=\/wp\/v2\/types\/post"}],"author":[{"embeddable":true,"href":"https:\/\/aconteceunovale.com.br\/portal\/index.php?rest_route=\/wp\/v2\/users\/1"}],"replies":[{"embeddable":true,"href":"https:\/\/aconteceunovale.com.br\/portal\/index.php?rest_route=%2Fwp%2Fv2%2Fcomments&post=28484"}],"version-history":[{"count":0,"href":"https:\/\/aconteceunovale.com.br\/portal\/index.php?rest_route=\/wp\/v2\/posts\/28484\/revisions"}],"wp:featuredmedia":[{"embeddable":true,"href":"https:\/\/aconteceunovale.com.br\/portal\/index.php?rest_route=\/wp\/v2\/media\/28485"}],"wp:attachment":[{"href":"https:\/\/aconteceunovale.com.br\/portal\/index.php?rest_route=%2Fwp%2Fv2%2Fmedia&parent=28484"}],"wp:term":[{"taxonomy":"category","embeddable":true,"href":"https:\/\/aconteceunovale.com.br\/portal\/index.php?rest_route=%2Fwp%2Fv2%2Fcategories&post=28484"},{"taxonomy":"post_tag","embeddable":true,"href":"https:\/\/aconteceunovale.com.br\/portal\/index.php?rest_route=%2Fwp%2Fv2%2Ftags&post=28484"}],"curies":[{"name":"wp","href":"https:\/\/api.w.org\/{rel}","templated":true}]}}