{"id":28481,"date":"2014-05-10T13:41:56","date_gmt":"2014-05-10T16:41:56","guid":{"rendered":"http:\/\/aconteceunovale.com.br\/portal\/?p=28481"},"modified":"2014-05-10T13:41:56","modified_gmt":"2014-05-10T16:41:56","slug":"medica-do-vale-do-aco-denuncia-salarios-atrasados-no-programa-mais-medicos","status":"publish","type":"post","link":"https:\/\/aconteceunovale.com.br\/portal\/?p=28481","title":{"rendered":"M\u00e9dica do Vale do A\u00e7o denuncia sal\u00e1rios atrasados no programa \u201cMais M\u00e9dicos\u201d"},"content":{"rendered":"<p>Trabalhando em Coronel Fabriciano, no Vale do A\u00e7o, por meio do Mais M\u00e9dicos, uma profissional revelou haver atrasos no pagamento a brasileiros que atuam pelo programa federal. Segundo a den\u00fancia, divulgada ontem pelo Conselho Regional de Medicina de Minas Gerais (CRM-MG), essa m\u00e9dica, que pediu para n\u00e3o se identificar, estaria h\u00e1 dois meses sem receber sal\u00e1rio, mesmo cumprindo a jornada de trabalho estabelecida.<\/p>\n<p><img decoding=\"async\" src=\"http:\/\/aconteceunovale.com.br\/portal\/wp-content\/uploads\/2014\/05\/protesto_mais_medicos.jpg\" alt=\"\" \/><em><strong>Na imagem, um dos v\u00e1rios protestos feitos pelos m\u00e9dicos brasileiros contra o programa &#8211; Foto: Daniel Protzner<\/strong><\/em><br \/>\n<\/br><\/p>\n<p>\u201cOs m\u00e9dicos estrangeiros est\u00e3o com o pagamento em dia, somente eu e os outros tr\u00eas m\u00e9dicos brasileiros estamos sem receber\u201d, afirmou a m\u00e9dica ao CRM-MG. Ela chegou a Coronel Fabriciano em mar\u00e7o deste ano. Desde o lan\u00e7amento do programa, em julho de 2013, o munic\u00edpio recebeu 21 profissionais de sa\u00fade, sendo 14 cubanos e sete brasileiros. Os \u00faltimos m\u00e9dicos chegaram \u00e0 cidade no dia 28 de abril para integrar as novas equipes de Estrat\u00e9gia de Sa\u00fade da Fam\u00edlia (ESF). O munic\u00edpio possui 19 equipes, e neste m\u00eas, deve chegar a 30.<\/p>\n<p>O presidente do CRM-MG, Itagiba de Castro Filho, lamentou a situa\u00e7\u00e3o por meio da assessoria de imprensa. \u201cUma das poucas vantagens deste programa \u00e9 o de retirar do prefeito a prerrogativa de dispor do profissional ao seu bel prazer, pagando quando e como convier a ele. Por\u00e9m, nem essa vantagem est\u00e1 sendo respeitada\u201d, disse.<\/p>\n<p>Segundo o CRM\u2013MG, v\u00e1rios relatos referentes a problemas no programa t\u00eam sido recebidos semanalmente. No caso da m\u00e9dica de Coronel Fabriciano, a orienta\u00e7\u00e3o do conselho \u00e0 profissional foi encaminhar a den\u00fancia ao Sindicato dos M\u00e9dicos de Minas Gerais (Sinmed-MG), \u00f3rg\u00e3o competente para discutir quest\u00f5es trabalhistas. A reportagem tentou contato com o Sinmed-MG e com a prefeitura de Coronel Fabriciano, mas ningu\u00e9m foi encontrado para comentar o caso em nenhum dos \u00f3rg\u00e3os. <\/p>\n<p><strong>(Fonte: O Tempo)<\/strong><\/p>\n","protected":false},"excerpt":{"rendered":"<p>Trabalhando em Coronel Fabriciano, no Vale do A\u00e7o, por meio do Mais M\u00e9dicos, uma profissional revelou haver atrasos no pagamento a brasileiros que atuam pelo programa federal. Segundo a den\u00fancia, divulgada ontem pelo Conselho Regional de Medicina de Minas Gerais (CRM-MG), essa m\u00e9dica, que pediu para n\u00e3o se identificar, estaria h\u00e1 dois meses sem receber [&hellip;]<\/p>\n","protected":false},"author":1,"featured_media":28482,"comment_status":"open","ping_status":"closed","sticky":false,"template":"","format":"standard","meta":{"amp_status":"","footnotes":""},"categories":[121],"tags":[7372,1524,1018,7371,550],"class_list":["post-28481","post","type-post","status-publish","format-standard","has-post-thumbnail","hentry","category-leste","tag-atraso-no-pagamento-do-programa-mais-medicos","tag-coronel-fabriciano","tag-destaque","tag-medica-do-vale-do-aco-denuncia-salarios-atrasados-no-programa-mais-medicos","tag-programa-mais-medicos"],"_links":{"self":[{"href":"https:\/\/aconteceunovale.com.br\/portal\/index.php?rest_route=\/wp\/v2\/posts\/28481","targetHints":{"allow":["GET"]}}],"collection":[{"href":"https:\/\/aconteceunovale.com.br\/portal\/index.php?rest_route=\/wp\/v2\/posts"}],"about":[{"href":"https:\/\/aconteceunovale.com.br\/portal\/index.php?rest_route=\/wp\/v2\/types\/post"}],"author":[{"embeddable":true,"href":"https:\/\/aconteceunovale.com.br\/portal\/index.php?rest_route=\/wp\/v2\/users\/1"}],"replies":[{"embeddable":true,"href":"https:\/\/aconteceunovale.com.br\/portal\/index.php?rest_route=%2Fwp%2Fv2%2Fcomments&post=28481"}],"version-history":[{"count":0,"href":"https:\/\/aconteceunovale.com.br\/portal\/index.php?rest_route=\/wp\/v2\/posts\/28481\/revisions"}],"wp:featuredmedia":[{"embeddable":true,"href":"https:\/\/aconteceunovale.com.br\/portal\/index.php?rest_route=\/wp\/v2\/media\/28482"}],"wp:attachment":[{"href":"https:\/\/aconteceunovale.com.br\/portal\/index.php?rest_route=%2Fwp%2Fv2%2Fmedia&parent=28481"}],"wp:term":[{"taxonomy":"category","embeddable":true,"href":"https:\/\/aconteceunovale.com.br\/portal\/index.php?rest_route=%2Fwp%2Fv2%2Fcategories&post=28481"},{"taxonomy":"post_tag","embeddable":true,"href":"https:\/\/aconteceunovale.com.br\/portal\/index.php?rest_route=%2Fwp%2Fv2%2Ftags&post=28481"}],"curies":[{"name":"wp","href":"https:\/\/api.w.org\/{rel}","templated":true}]}}