{"id":28479,"date":"2014-05-10T13:38:07","date_gmt":"2014-05-10T16:38:07","guid":{"rendered":"http:\/\/aconteceunovale.com.br\/portal\/?p=28479"},"modified":"2014-05-10T13:38:07","modified_gmt":"2014-05-10T16:38:07","slug":"minas-registra-14-mortes-por-dengue-em-2014","status":"publish","type":"post","link":"https:\/\/aconteceunovale.com.br\/portal\/?p=28479","title":{"rendered":"Minas registra 14 mortes por dengue em 2014"},"content":{"rendered":"<p>Minas Gerais j\u00e1 registra 14 mortes por dengue neste ano, segundo balan\u00e7o divulgados nessa sexta (9) pela Secretaria de Estado de Sa\u00fade do Estado. Em uma semana foram registrados quatro novos \u00f3bitos por causa da doen\u00e7a.<\/p>\n<p>A cidade de Passos, no Sul de Minas, foi a que mais registrou mortes, quatro no total, seguida por Divin\u00f3polis com tr\u00eas. J\u00e1 as cidades de Juiz de Fora, Paracatu, Prata, Santa Luzia ,Tr\u00eas Cora\u00e7\u00f5es, Campo Belo e Curvelo, registraram uma morte cada uma.<\/p>\n<p>Os casos confirmados tamb\u00e9m aumentaram em uma semana foram 3.996 novos casos passando de 11.279 para 15.275. Os sintomas da dengue s\u00e3o parecidos com o de outras doen\u00e7as: febre, dor de cabe\u00e7a, manchas no corpo, tonturas, v\u00f4mitos e dor no corpo. No caso da dengue com complica\u00e7\u00e3o podem surgir hemorragias e levar o doente a morte. <strong>(O Tempo)<\/strong><\/p>\n","protected":false},"excerpt":{"rendered":"<p>Minas Gerais j\u00e1 registra 14 mortes por dengue neste ano, segundo balan\u00e7o divulgados nessa sexta (9) pela Secretaria de Estado de Sa\u00fade do Estado. Em uma semana foram registrados quatro novos \u00f3bitos por causa da doen\u00e7a. A cidade de Passos, no Sul de Minas, foi a que mais registrou mortes, quatro no total, seguida por [&hellip;]<\/p>\n","protected":false},"author":1,"featured_media":25328,"comment_status":"open","ping_status":"closed","sticky":false,"template":"","format":"standard","meta":{"amp_status":"","footnotes":""},"categories":[123],"tags":[3687,197,199,206,7370,212,1552,1498,1507],"class_list":["post-28479","post","type-post","status-publish","format-standard","has-post-thumbnail","hentry","category-gerais","tag-campo-belo","tag-curvelo","tag-divinopolis","tag-juiz-de-fora","tag-minas-registra-14-mortes-por-dengue-em-2014","tag-paracatu","tag-prata","tag-santa-luzia","tag-tres-coracoes"],"_links":{"self":[{"href":"https:\/\/aconteceunovale.com.br\/portal\/index.php?rest_route=\/wp\/v2\/posts\/28479","targetHints":{"allow":["GET"]}}],"collection":[{"href":"https:\/\/aconteceunovale.com.br\/portal\/index.php?rest_route=\/wp\/v2\/posts"}],"about":[{"href":"https:\/\/aconteceunovale.com.br\/portal\/index.php?rest_route=\/wp\/v2\/types\/post"}],"author":[{"embeddable":true,"href":"https:\/\/aconteceunovale.com.br\/portal\/index.php?rest_route=\/wp\/v2\/users\/1"}],"replies":[{"embeddable":true,"href":"https:\/\/aconteceunovale.com.br\/portal\/index.php?rest_route=%2Fwp%2Fv2%2Fcomments&post=28479"}],"version-history":[{"count":0,"href":"https:\/\/aconteceunovale.com.br\/portal\/index.php?rest_route=\/wp\/v2\/posts\/28479\/revisions"}],"wp:featuredmedia":[{"embeddable":true,"href":"https:\/\/aconteceunovale.com.br\/portal\/index.php?rest_route=\/wp\/v2\/media\/25328"}],"wp:attachment":[{"href":"https:\/\/aconteceunovale.com.br\/portal\/index.php?rest_route=%2Fwp%2Fv2%2Fmedia&parent=28479"}],"wp:term":[{"taxonomy":"category","embeddable":true,"href":"https:\/\/aconteceunovale.com.br\/portal\/index.php?rest_route=%2Fwp%2Fv2%2Fcategories&post=28479"},{"taxonomy":"post_tag","embeddable":true,"href":"https:\/\/aconteceunovale.com.br\/portal\/index.php?rest_route=%2Fwp%2Fv2%2Ftags&post=28479"}],"curies":[{"name":"wp","href":"https:\/\/api.w.org\/{rel}","templated":true}]}}