{"id":28471,"date":"2014-05-10T13:12:33","date_gmt":"2014-05-10T16:12:33","guid":{"rendered":"http:\/\/aconteceunovale.com.br\/portal\/?p=28471"},"modified":"2014-05-10T13:19:49","modified_gmt":"2014-05-10T16:19:49","slug":"policial-civil-acusado-de-matar-jornalista-no-vale-do-aco-vai-a-juri-popular-em-agosto","status":"publish","type":"post","link":"https:\/\/aconteceunovale.com.br\/portal\/?p=28471","title":{"rendered":"Policial Civil acusado de matar jornalista no Vale do A\u00e7o vai a J\u00fari Popular em Agosto"},"content":{"rendered":"<h4><strong>Outro acusado de matar o jornalista ser\u00e1 julgado somente em 2015. L\u00facio L\u00edrio Leal ser\u00e1 julgado no dia 28 de agosto no f\u00f3rum de Ipatinga.<\/strong><\/h4>\n<p>O investigador da Pol\u00edcia Civil, L\u00facio L\u00edrio Leal, um dos acusados pela pol\u00edcia de participar da execu\u00e7\u00e3o do jornalista Rodrigo Neto, morto no dia 8 de mar\u00e7o de 2013, sentar\u00e1 no banco dos r\u00e9us em J\u00fari Popular marcado para o dia 28 de agosto, a partir de 9h, no F\u00f3rum de Ipatinga. O julgamento foi marcado na \u00faltima quinta-feira (8) pelo juiz Ant\u00f4nio Augusto Calaes, titular da 2\u00aa Vara Criminal.<\/p>\n<p>L\u00facio L\u00edrio Leal e o falso detetive Alessandro Neves Augusto, o &#8220;Pitote&#8221; foram denunciados pelo Minist\u00e9rio P\u00fablico pela morte do rep\u00f3rter policial. Segundo a acusa\u00e7\u00e3o, no dia do assassinato do rep\u00f3rter, Alessandro, al\u00e9m de atirar e matar Rodrigo Neto, tamb\u00e9m atirou contra um amigo do jornalista. A segunda v\u00edtima s\u00f3 n\u00e3o foi atingida porque se escondeu atr\u00e1s do carro do radialista.<\/p>\n<p><img decoding=\"async\" src=\"http:\/\/aconteceunovale.com.br\/portal\/wp-content\/uploads\/2014\/05\/acusado_matar_rn_pc.jpg\" alt=\"\" \/><em>L\u00facio negou participa\u00e7\u00e3o na execu\u00e7\u00e3o de Rodrigo Neto. (Foto: Patr\u00edcia Belo \/ G1)<\/em><br \/>\n<\/br><\/p>\n<h4><strong>Din\u00e2mica<\/strong><\/h4>\n<p>De acordo com o delegado Emerso Morais, que presidiu o inqu\u00e9rito, foi feita uma investiga\u00e7\u00e3o criteriosa da vida pessoal, financeira e profissional do radialista.<\/p>\n<p>Na apura\u00e7\u00e3o deste homic\u00eddio, segundo a equipe, foram realizadas diversas dilig\u00eancias e utilizados diversos recursos investigat\u00f3rios como an\u00e1lise de v\u00ednculo atrav\u00e9s de c\u00e2mara de circuitos internos e intercepta\u00e7\u00e3o telef\u00f4nica.<\/p>\n<p>Para o delegado, a quebra do sigilo das liga\u00e7\u00f5es foi fundamental para que os investigadores da PC chegassem aos executores do crime. Antes do crime, a for\u00e7a tarefa de Belo Horizonte levantou que foram feitas 130 liga\u00e7\u00f5es telef\u00f4nicas entre L\u00facio e Pitote. Ap\u00f3s o crime at\u00e9 a data em que foram presos, foram efetuadas mais de 200 chamadas de um para o outro.<\/p>\n<p>Em seu depoimento, Alessandro afirmou que no momento do crime estava em sua casa, no bairro Novo Cruzeiro. J\u00e1 seu c\u00famplice disse que no dia 8 de mar\u00e7o, ficou na casa da namorada at\u00e9 as 2h da madrugada.<\/p>\n<p>C\u00e2meras de seguran\u00e7a tamb\u00e9m registraram que o carro de L\u00facio L\u00edrio Leal circulou algumas vezes pelo caminho usado como rota de fuga da dupla. A inten\u00e7\u00e3o do investigador seria testar que o caminho estaria livre no momento da fuga.<\/p>\n<h4><strong>Decis\u00e3o<\/strong><\/h4>\n<p>\u201cAssim, julgo o processo preparado para que o r\u00e9u seja submetido a julgamento pelo Tribunal do J\u00fari, designando sess\u00e3o para o dia 28\/08\/14, \u00e0s 9h\u201d, diz trecho do despacho. O juiz ainda intimou o Minist\u00e9rio P\u00fablico, a Defensoria P\u00fablica e a subse\u00e7\u00e3o da Ordem dos Advogados do Brasil, para comparecerem ao sorteio dos jurados. \u2018Pitote\u2019 dever\u00e1 ser julgado somente ano que vem.<\/p>\n<p>Alessandro ficou insatisfeito com as provas e recorreu no Tribunal de Justi\u00e7a de Minas Gerais, raz\u00e3o pelo qual o processo foi desmembrado. Os autos que conta com oito volumes e mais de 1.500 p\u00e1ginas foram retirados fisicamente do F\u00f3rum de Ipatinga e levado para a 2\u00aa inst\u00e2ncia em Belo Horizonte.<\/p>\n<p>Por causa dos prazos processuais a expectativa \u00e9 que os cadernos retornem em seis meses para a Comarca de Ipatinga, com a decis\u00e3o do TJ. A inst\u00e2ncia pode desconsiderar o pedido de julgamento de Alessandro ou n\u00e3o. Caso o tribunal decida por manter a opini\u00e3o do juiz Ant\u00f4nio Augusto, \u2018Pitote\u2019 dever\u00e1 ir a julgamento somente em 2015. (G1)<\/p>\n","protected":false},"excerpt":{"rendered":"<p>Outro acusado de matar o jornalista ser\u00e1 julgado somente em 2015. L\u00facio L\u00edrio Leal ser\u00e1 julgado no dia 28 de agosto no f\u00f3rum de Ipatinga. O investigador da Pol\u00edcia Civil, L\u00facio L\u00edrio Leal, um dos acusados pela pol\u00edcia de participar da execu\u00e7\u00e3o do jornalista Rodrigo Neto, morto no dia 8 de mar\u00e7o de 2013, sentar\u00e1 [&hellip;]<\/p>\n","protected":false},"author":1,"featured_media":28472,"comment_status":"open","ping_status":"closed","sticky":false,"template":"","format":"standard","meta":{"amp_status":"","footnotes":""},"categories":[121],"tags":[4637,1018,201,7366,7365],"class_list":["post-28471","post","type-post","status-publish","format-standard","has-post-thumbnail","hentry","category-leste","tag-caso-rodrigo-neto","tag-destaque","tag-ipatinga","tag-lucio-lirio-leal","tag-policial-civil-acusado-de-matar-jornalista-no-vale-do-aco-vai-a-juri-popular-em-agosto"],"_links":{"self":[{"href":"https:\/\/aconteceunovale.com.br\/portal\/index.php?rest_route=\/wp\/v2\/posts\/28471","targetHints":{"allow":["GET"]}}],"collection":[{"href":"https:\/\/aconteceunovale.com.br\/portal\/index.php?rest_route=\/wp\/v2\/posts"}],"about":[{"href":"https:\/\/aconteceunovale.com.br\/portal\/index.php?rest_route=\/wp\/v2\/types\/post"}],"author":[{"embeddable":true,"href":"https:\/\/aconteceunovale.com.br\/portal\/index.php?rest_route=\/wp\/v2\/users\/1"}],"replies":[{"embeddable":true,"href":"https:\/\/aconteceunovale.com.br\/portal\/index.php?rest_route=%2Fwp%2Fv2%2Fcomments&post=28471"}],"version-history":[{"count":0,"href":"https:\/\/aconteceunovale.com.br\/portal\/index.php?rest_route=\/wp\/v2\/posts\/28471\/revisions"}],"wp:featuredmedia":[{"embeddable":true,"href":"https:\/\/aconteceunovale.com.br\/portal\/index.php?rest_route=\/wp\/v2\/media\/28472"}],"wp:attachment":[{"href":"https:\/\/aconteceunovale.com.br\/portal\/index.php?rest_route=%2Fwp%2Fv2%2Fmedia&parent=28471"}],"wp:term":[{"taxonomy":"category","embeddable":true,"href":"https:\/\/aconteceunovale.com.br\/portal\/index.php?rest_route=%2Fwp%2Fv2%2Fcategories&post=28471"},{"taxonomy":"post_tag","embeddable":true,"href":"https:\/\/aconteceunovale.com.br\/portal\/index.php?rest_route=%2Fwp%2Fv2%2Ftags&post=28471"}],"curies":[{"name":"wp","href":"https:\/\/api.w.org\/{rel}","templated":true}]}}