{"id":28358,"date":"2014-05-09T09:21:11","date_gmt":"2014-05-09T12:21:11","guid":{"rendered":"http:\/\/aconteceunovale.com.br\/portal\/?p=28358"},"modified":"2014-05-09T11:09:58","modified_gmt":"2014-05-09T14:09:58","slug":"programacao-do-capelinhense-ainda-e-duvida-a-pouco-mais-de-30-dias-para-a-festa","status":"publish","type":"post","link":"https:\/\/aconteceunovale.com.br\/portal\/?p=28358","title":{"rendered":"Programa\u00e7\u00e3o do Capelinhense ainda \u00e9 d\u00favida a pouco mais de 30 dias para a festa"},"content":{"rendered":"<p>A exatos 40 dias para o primeiro dia da Festa do Capelinhense Ausente 2014, o evento ainda \u00e9 d\u00favida para ausentes e presentes. No dia 30 de abril, a prefeitura Municipal de Capelinha divulgou altera\u00e7\u00f5es na programa\u00e7\u00e3o ap\u00f3s den\u00fancia do Portal Aconteceu no Vale sobre a duplicidade no show do artista Cristiano Ara\u00fajo. Aparentemente essa seria a \u00faltima altera\u00e7\u00e3o, j\u00e1 que foi amplamente divulgado em r\u00e1dios, sites e blogs de toda a regi\u00e3o.<\/p>\n<p>No entanto parece que a novela n\u00e3o parou por a\u00ed. Na manh\u00e3 desta sexta-feira, 09 de maio, em visita ao site do empres\u00e1rio respons\u00e1vel pela produ\u00e7\u00e3o do evento, descobrimos que a programa\u00e7\u00e3o foi divulgada com mudan\u00e7as e aparentemente a festa acontecer\u00e1 com as mesmas atra\u00e7\u00f5es divulgadas no dia 23 abril, quando foi revelado o resultado do preg\u00e3o eletr\u00f4nico.<\/p>\n<p>No site do empres\u00e1rio Jo\u00e3o Welington, o evento ter\u00e1 a seguinte programa\u00e7\u00e3o: Guilherme &#038; Santiago (18\/06 \u2013 quarta-feira), Tomate (19\/06 \u2013 quinta-feira), Cristiano Ara\u00fajo (20\/06 \u2013 sexta-feira), Roupa Nova e Rick &#038; Ricardo (21\/06 \u2013 s\u00e1bado) e Gino &#038; Geno (22\/06 \u2013 domingo). J\u00e1 a prefeitura de Capelinha divulgou para a imprensa no dia 30 de abril que a programa\u00e7\u00e3o final seria Tomate (18\/06 \u2013 quarta-feira), Jo\u00e3o Neto &#038; Frederico (19\/06 \u2013 quinta-feira), Cristiano Ara\u00fajo (20\/06 \u2013 sexta-feira), Roupa Nova e Rick &#038; Ricardo (21\/06 \u2013 s\u00e1bado) e Gino &#038; Geno (22\/06 \u2013 domingo). <\/p>\n<h4><strong>Venda de ingressos<\/strong><\/h4>\n<p>No site divulgado pela empresa respons\u00e1vel pela organiza\u00e7\u00e3o do evento para compra online de ingressos, o Blue Ticket, a programa\u00e7\u00e3o est\u00e1 completamente diferente e \u00e9 divulgada da seguinte maneira: Cristiano Ara\u00fajo (18\/06 \u2013 quarta-feira, nesta mesma data o artista estar\u00e1 em Ituverava\/SP), Tomate (19\/06 \u2013 quinta-feira), Guilherme &#038; Santiago (20\/06 \u2013 sexta-feira), Roupa Nova e Rick &#038; Ricardo (21\/06 \u2013 s\u00e1bado) e Gino &#038; Geno (22\/06 \u2013 domingo).<\/p>\n<p>Outro fato que chamou nossa aten\u00e7\u00e3o no site divulgado para venda de ingressos s\u00e3o os pre\u00e7os. Ingressos individuais est\u00e3o sendo vendidos com pre\u00e7os diferenciados, sendo: R$ 20,00 na quarta-feira, sexta-feira e s\u00e1bado e R$ 30,00 na quinta-feira. J\u00e1 no domingo que foi divulgado como entrada franca, o ingresso tamb\u00e9m \u00e9 vendido a R$ 20,00. <a href=\"http:\/\/www.blueticket.com.br\/?secao=Eventos&#038;q=Capelinha\" target=\"_blank\">Voc\u00ea poder\u00e1 conferir os pre\u00e7os dos ingressos clicando aqui<\/a>. <\/p>\n<h4><strong>Nota da Prefeitura Municipal<\/strong><\/h4>\n<p><em><strong>Em nota enviada ao Portal Aconteceu no Vale, o assessor de Comunica\u00e7\u00e3o Tico Neves, informou que a empresa retornou o show da dupla Guilherme &#038; Santiago devido a questionamentos realizados por cidad\u00e3os capelinhenses e vereadores sobre a substitui\u00e7\u00e3o pelo show de Jo\u00e3o Neto &#038; Frederico, que seria mais barato, podendo haver benef\u00edcio financeiro \u00e0 empresa. Diante disso, para evitar mais problemas, a empresa retornou o show da dupla Guilherme &#038; Santiago, cancelou o show de Jo\u00e3o Neto &#038; Frederico e alterou a programa\u00e7\u00e3o de quarta e quinta-feira, ficando na quarta, dia 18\/06: Guilherme &#038; Santiago e na quinta, 19\/06: Tomate. O restante da programa\u00e7\u00e3o (sexta, s\u00e1bado e domingo) continua sem mudan\u00e7as.<\/p>\n<p>Questionamos o assessor de comunica\u00e7\u00e3o sobre a confus\u00e3o na venda de ingressos no site divulgado pelo empres\u00e1rio Jo\u00e3o Welington, o mesmo respondeu que n\u00e3o tinha conhecimento do site, mas que iria averiguar. J\u00e1 sobre o fato da empresa n\u00e3o estar vendendo meia-entrada para passaportes, Tico Neves esclareceu que a empresa alega que o artigo 1\u00ba da Lei Federal 12.933\/2013 garante o benef\u00edcio somente para ingressos individuais e n\u00e3o para passaporte.<\/strong><\/em><\/p>\n<p><strong>Programa\u00e7\u00e3o divulgada pelo empres\u00e1rio Jo\u00e3o Welington:<\/strong><br \/>\n<img decoding=\"async\" src=\"http:\/\/aconteceunovale.com.br\/portal\/wp-content\/uploads\/2014\/05\/cartaz_nova_programacao_cap_2014.jpg\" alt=\"\" \/><br \/>\n<img decoding=\"async\" src=\"http:\/\/aconteceunovale.com.br\/portal\/wp-content\/uploads\/2014\/05\/capelense-ausente.jpg\" alt=\"\" \/><br \/>\n<\/br><\/p>\n<p><strong>Programa\u00e7\u00e3o divulgada no dia 30 de abril pela Prefeitura:<\/strong><br \/>\n<img decoding=\"async\" src=\"http:\/\/aconteceunovale.com.br\/portal\/wp-content\/uploads\/2014\/04\/banner_provisorio.jpg\" alt=\"\" \/><br \/>\n<\/br><\/p>\n<p><strong>Programa\u00e7\u00e3o no site de vendas:<\/strong><br \/>\n<img decoding=\"async\" src=\"http:\/\/aconteceunovale.com.br\/portal\/wp-content\/uploads\/2014\/05\/ingressos_cap_1.jpg\" alt=\"\" \/><br \/>\n<img decoding=\"async\" src=\"http:\/\/aconteceunovale.com.br\/portal\/wp-content\/uploads\/2014\/05\/ingressos_cap_2.jpg\" alt=\"\" \/><br \/>\n<\/br><\/p>\n","protected":false},"excerpt":{"rendered":"<p>A exatos 40 dias para o primeiro dia da Festa do Capelinhense Ausente 2014, o evento ainda \u00e9 d\u00favida para ausentes e presentes. No dia 30 de abril, a prefeitura Municipal de Capelinha divulgou altera\u00e7\u00f5es na programa\u00e7\u00e3o ap\u00f3s den\u00fancia do Portal Aconteceu no Vale sobre a duplicidade no show do artista Cristiano Ara\u00fajo. Aparentemente essa [&hellip;]<\/p>\n","protected":false},"author":1,"featured_media":28360,"comment_status":"open","ping_status":"closed","sticky":false,"template":"","format":"standard","meta":{"amp_status":"","footnotes":""},"categories":[125],"tags":[132,2482,838,1018,7320,7321,2481,837,7318,7319],"class_list":["post-28358","post","type-post","status-publish","format-standard","has-post-thumbnail","hentry","category-noticias","tag-capelinha","tag-capelinhense-ausente","tag-capelinhense-ausente-2014","tag-destaque","tag-empresario-joao-welington","tag-evento-realizado-pelo-empresario-joao-welington-em-capelinha","tag-festa-do-capelinhense-ausente","tag-festa-do-capelinhense-ausente-2014","tag-programacao-do-capelinhense-ainda-e-duvida-a-pouco-mais-de-30-dias-para-a-festa","tag-programacao-do-capelinhense-ausente-2014"],"yoast_head":"<!-- This site is optimized with the Yoast SEO plugin v28.3 - https:\/\/yoast.com\/product\/yoast-seo-wordpress\/ -->\n<title>Programa\u00e7\u00e3o do Capelinhense ainda \u00e9 d\u00favida a pouco mais de 30 dias para a festa - Aconteceu no Vale<\/title>\n<meta name=\"robots\" content=\"index, follow, max-snippet:-1, max-image-preview:large, max-video-preview:-1\" \/>\n<link rel=\"canonical\" href=\"https:\/\/aconteceunovale.com.br\/portal\/?p=28358\" \/>\n<meta property=\"og:locale\" content=\"pt_BR\" \/>\n<meta property=\"og:type\" content=\"article\" \/>\n<meta property=\"og:title\" content=\"Programa\u00e7\u00e3o do Capelinhense ainda \u00e9 d\u00favida a pouco mais de 30 dias para a festa - Aconteceu no Vale\" \/>\n<meta property=\"og:description\" content=\"A exatos 40 dias para o primeiro dia da Festa do Capelinhense Ausente 2014, o evento ainda \u00e9 d\u00favida para ausentes e presentes. No dia 30 de abril, a prefeitura Municipal de Capelinha divulgou altera\u00e7\u00f5es na programa\u00e7\u00e3o ap\u00f3s den\u00fancia do Portal Aconteceu no Vale sobre a duplicidade no show do artista Cristiano Ara\u00fajo. Aparentemente essa [&hellip;]\" \/>\n<meta property=\"og:url\" content=\"https:\/\/aconteceunovale.com.br\/portal\/?p=28358\" \/>\n<meta property=\"og:site_name\" content=\"Aconteceu no Vale\" \/>\n<meta property=\"article:publisher\" content=\"https:\/\/www.facebook.com\/aconteceunovale\/\" \/>\n<meta property=\"article:published_time\" content=\"2014-05-09T12:21:11+00:00\" \/>\n<meta property=\"article:modified_time\" content=\"2014-05-09T14:09:58+00:00\" \/>\n<meta property=\"og:image\" content=\"https:\/\/aconteceunovale.com.br\/portal\/wp-content\/uploads\/2014\/05\/cartaz_nova_programacao_cap_2014.jpg\" \/>\n\t<meta property=\"og:image:width\" content=\"678\" \/>\n\t<meta property=\"og:image:height\" content=\"406\" \/>\n\t<meta property=\"og:image:type\" content=\"image\/jpeg\" \/>\n<meta name=\"author\" content=\"Aconteceu no Vale\" \/>\n<meta name=\"twitter:card\" content=\"summary_large_image\" \/>\n<meta name=\"twitter:creator\" content=\"@noticiadosvales\" \/>\n<meta name=\"twitter:site\" content=\"@noticiadosvales\" \/>\n<meta name=\"twitter:label1\" content=\"Escrito por\" \/>\n\t<meta name=\"twitter:data1\" content=\"Aconteceu no Vale\" \/>\n\t<meta name=\"twitter:label2\" content=\"Est. tempo de leitura\" \/>\n\t<meta name=\"twitter:data2\" content=\"3 minutos\" \/>\n<script type=\"application\/ld+json\" class=\"yoast-schema-graph\">{\"@context\":\"https:\\\/\\\/schema.org\",\"@graph\":[{\"@type\":\"Article\",\"@id\":\"https:\\\/\\\/aconteceunovale.com.br\\\/portal\\\/?p=28358#article\",\"isPartOf\":{\"@id\":\"https:\\\/\\\/aconteceunovale.com.br\\\/portal\\\/?p=28358\"},\"author\":{\"name\":\"Aconteceu no Vale\",\"@id\":\"https:\\\/\\\/aconteceunovale.com.br\\\/portal\\\/#\\\/schema\\\/person\\\/633529146f2c94272bef50ac2953d589\"},\"headline\":\"Programa\u00e7\u00e3o do Capelinhense ainda \u00e9 d\u00favida a pouco mais de 30 dias para a festa\",\"datePublished\":\"2014-05-09T12:21:11+00:00\",\"dateModified\":\"2014-05-09T14:09:58+00:00\",\"mainEntityOfPage\":{\"@id\":\"https:\\\/\\\/aconteceunovale.com.br\\\/portal\\\/?p=28358\"},\"wordCount\":581,\"commentCount\":0,\"image\":{\"@id\":\"https:\\\/\\\/aconteceunovale.com.br\\\/portal\\\/?p=28358#primaryimage\"},\"thumbnailUrl\":\"https:\\\/\\\/aconteceunovale.com.br\\\/portal\\\/wp-content\\\/uploads\\\/2014\\\/05\\\/cartaz_nova_programacao_cap_2014.jpg\",\"keywords\":[\"Capelinha\",\"Capelinhense Ausente\",\"capelinhense ausente 2014\",\"destaque\",\"Empres\u00e1rio Jo\u00e3o Welington\",\"Evento realizado pelo empres\u00e1rio jo\u00e3o welington em capelinha\",\"Festa do Capelinhense Ausente\",\"festa do capelinhense ausente 2014\",\"Programa\u00e7\u00e3o do Capelinhense ainda \u00e9 d\u00favida a pouco mais de 30 dias para a festa\",\"programa\u00e7\u00e3o do capelinhense ausente 2014\"],\"articleSection\":[\"Eventos\"],\"inLanguage\":\"pt-BR\",\"potentialAction\":[{\"@type\":\"CommentAction\",\"name\":\"Comment\",\"target\":[\"https:\\\/\\\/aconteceunovale.com.br\\\/portal\\\/?p=28358#respond\"]}]},{\"@type\":\"WebPage\",\"@id\":\"https:\\\/\\\/aconteceunovale.com.br\\\/portal\\\/?p=28358\",\"url\":\"https:\\\/\\\/aconteceunovale.com.br\\\/portal\\\/?p=28358\",\"name\":\"Programa\u00e7\u00e3o do Capelinhense ainda \u00e9 d\u00favida a pouco mais de 30 dias para a festa - Aconteceu no Vale\",\"isPartOf\":{\"@id\":\"https:\\\/\\\/aconteceunovale.com.br\\\/portal\\\/#website\"},\"primaryImageOfPage\":{\"@id\":\"https:\\\/\\\/aconteceunovale.com.br\\\/portal\\\/?p=28358#primaryimage\"},\"image\":{\"@id\":\"https:\\\/\\\/aconteceunovale.com.br\\\/portal\\\/?p=28358#primaryimage\"},\"thumbnailUrl\":\"https:\\\/\\\/aconteceunovale.com.br\\\/portal\\\/wp-content\\\/uploads\\\/2014\\\/05\\\/cartaz_nova_programacao_cap_2014.jpg\",\"datePublished\":\"2014-05-09T12:21:11+00:00\",\"dateModified\":\"2014-05-09T14:09:58+00:00\",\"author\":{\"@id\":\"https:\\\/\\\/aconteceunovale.com.br\\\/portal\\\/#\\\/schema\\\/person\\\/633529146f2c94272bef50ac2953d589\"},\"breadcrumb\":{\"@id\":\"https:\\\/\\\/aconteceunovale.com.br\\\/portal\\\/?p=28358#breadcrumb\"},\"inLanguage\":\"pt-BR\",\"potentialAction\":[{\"@type\":\"ReadAction\",\"target\":[\"https:\\\/\\\/aconteceunovale.com.br\\\/portal\\\/?p=28358\"]}]},{\"@type\":\"ImageObject\",\"inLanguage\":\"pt-BR\",\"@id\":\"https:\\\/\\\/aconteceunovale.com.br\\\/portal\\\/?p=28358#primaryimage\",\"url\":\"https:\\\/\\\/aconteceunovale.com.br\\\/portal\\\/wp-content\\\/uploads\\\/2014\\\/05\\\/cartaz_nova_programacao_cap_2014.jpg\",\"contentUrl\":\"https:\\\/\\\/aconteceunovale.com.br\\\/portal\\\/wp-content\\\/uploads\\\/2014\\\/05\\\/cartaz_nova_programacao_cap_2014.jpg\",\"width\":678,\"height\":406},{\"@type\":\"BreadcrumbList\",\"@id\":\"https:\\\/\\\/aconteceunovale.com.br\\\/portal\\\/?p=28358#breadcrumb\",\"itemListElement\":[{\"@type\":\"ListItem\",\"position\":1,\"name\":\"In\u00edcio\",\"item\":\"https:\\\/\\\/aconteceunovale.com.br\\\/portal\\\/\"},{\"@type\":\"ListItem\",\"position\":2,\"name\":\"Programa\u00e7\u00e3o do Capelinhense ainda \u00e9 d\u00favida a pouco mais de 30 dias para a festa\"}]},{\"@type\":\"WebSite\",\"@id\":\"https:\\\/\\\/aconteceunovale.com.br\\\/portal\\\/#website\",\"url\":\"https:\\\/\\\/aconteceunovale.com.br\\\/portal\\\/\",\"name\":\"Aconteceu no Vale\",\"description\":\"Portal de Not\u00edcias\",\"potentialAction\":[{\"@type\":\"SearchAction\",\"target\":{\"@type\":\"EntryPoint\",\"urlTemplate\":\"https:\\\/\\\/aconteceunovale.com.br\\\/portal\\\/?s={search_term_string}\"},\"query-input\":{\"@type\":\"PropertyValueSpecification\",\"valueRequired\":true,\"valueName\":\"search_term_string\"}}],\"inLanguage\":\"pt-BR\"},{\"@type\":\"Person\",\"@id\":\"https:\\\/\\\/aconteceunovale.com.br\\\/portal\\\/#\\\/schema\\\/person\\\/633529146f2c94272bef50ac2953d589\",\"name\":\"Aconteceu no Vale\",\"description\":\"Equipe de reportagem do Aconteceu no Vale, portal de not\u00edcias do Vale do Jequitinhonha, em Minas Gerais. Cobrimos as 51 cidades do Vale desde 2013. Sugest\u00f5es de pauta e pedidos de corre\u00e7\u00e3o: contato@aconteceunovale.com.br\",\"sameAs\":[\"http:\\\/\\\/www.aconteceunovale.com.br\"],\"url\":\"https:\\\/\\\/aconteceunovale.com.br\\\/portal\\\/?author=1\"}]}<\/script>\n<!-- \/ Yoast SEO plugin. -->","yoast_head_json":{"title":"Programa\u00e7\u00e3o do Capelinhense ainda \u00e9 d\u00favida a pouco mais de 30 dias para a festa - Aconteceu no Vale","robots":{"index":"index","follow":"follow","max-snippet":"max-snippet:-1","max-image-preview":"max-image-preview:large","max-video-preview":"max-video-preview:-1"},"canonical":"https:\/\/aconteceunovale.com.br\/portal\/?p=28358","og_locale":"pt_BR","og_type":"article","og_title":"Programa\u00e7\u00e3o do Capelinhense ainda \u00e9 d\u00favida a pouco mais de 30 dias para a festa - Aconteceu no Vale","og_description":"A exatos 40 dias para o primeiro dia da Festa do Capelinhense Ausente 2014, o evento ainda \u00e9 d\u00favida para ausentes e presentes. No dia 30 de abril, a prefeitura Municipal de Capelinha divulgou altera\u00e7\u00f5es na programa\u00e7\u00e3o ap\u00f3s den\u00fancia do Portal Aconteceu no Vale sobre a duplicidade no show do artista Cristiano Ara\u00fajo. Aparentemente essa [&hellip;]","og_url":"https:\/\/aconteceunovale.com.br\/portal\/?p=28358","og_site_name":"Aconteceu no Vale","article_publisher":"https:\/\/www.facebook.com\/aconteceunovale\/","article_published_time":"2014-05-09T12:21:11+00:00","article_modified_time":"2014-05-09T14:09:58+00:00","og_image":[{"width":678,"height":406,"url":"https:\/\/aconteceunovale.com.br\/portal\/wp-content\/uploads\/2014\/05\/cartaz_nova_programacao_cap_2014.jpg","type":"image\/jpeg"}],"author":"Aconteceu no Vale","twitter_card":"summary_large_image","twitter_creator":"@noticiadosvales","twitter_site":"@noticiadosvales","twitter_misc":{"Escrito por":"Aconteceu no Vale","Est. tempo de leitura":"3 minutos"},"schema":{"@context":"https:\/\/schema.org","@graph":[{"@type":"Article","@id":"https:\/\/aconteceunovale.com.br\/portal\/?p=28358#article","isPartOf":{"@id":"https:\/\/aconteceunovale.com.br\/portal\/?p=28358"},"author":{"name":"Aconteceu no Vale","@id":"https:\/\/aconteceunovale.com.br\/portal\/#\/schema\/person\/633529146f2c94272bef50ac2953d589"},"headline":"Programa\u00e7\u00e3o do Capelinhense ainda \u00e9 d\u00favida a pouco mais de 30 dias para a festa","datePublished":"2014-05-09T12:21:11+00:00","dateModified":"2014-05-09T14:09:58+00:00","mainEntityOfPage":{"@id":"https:\/\/aconteceunovale.com.br\/portal\/?p=28358"},"wordCount":581,"commentCount":0,"image":{"@id":"https:\/\/aconteceunovale.com.br\/portal\/?p=28358#primaryimage"},"thumbnailUrl":"https:\/\/aconteceunovale.com.br\/portal\/wp-content\/uploads\/2014\/05\/cartaz_nova_programacao_cap_2014.jpg","keywords":["Capelinha","Capelinhense Ausente","capelinhense ausente 2014","destaque","Empres\u00e1rio Jo\u00e3o Welington","Evento realizado pelo empres\u00e1rio jo\u00e3o welington em capelinha","Festa do Capelinhense Ausente","festa do capelinhense ausente 2014","Programa\u00e7\u00e3o do Capelinhense ainda \u00e9 d\u00favida a pouco mais de 30 dias para a festa","programa\u00e7\u00e3o do capelinhense ausente 2014"],"articleSection":["Eventos"],"inLanguage":"pt-BR","potentialAction":[{"@type":"CommentAction","name":"Comment","target":["https:\/\/aconteceunovale.com.br\/portal\/?p=28358#respond"]}]},{"@type":"WebPage","@id":"https:\/\/aconteceunovale.com.br\/portal\/?p=28358","url":"https:\/\/aconteceunovale.com.br\/portal\/?p=28358","name":"Programa\u00e7\u00e3o do Capelinhense ainda \u00e9 d\u00favida a pouco mais de 30 dias para a festa - Aconteceu no Vale","isPartOf":{"@id":"https:\/\/aconteceunovale.com.br\/portal\/#website"},"primaryImageOfPage":{"@id":"https:\/\/aconteceunovale.com.br\/portal\/?p=28358#primaryimage"},"image":{"@id":"https:\/\/aconteceunovale.com.br\/portal\/?p=28358#primaryimage"},"thumbnailUrl":"https:\/\/aconteceunovale.com.br\/portal\/wp-content\/uploads\/2014\/05\/cartaz_nova_programacao_cap_2014.jpg","datePublished":"2014-05-09T12:21:11+00:00","dateModified":"2014-05-09T14:09:58+00:00","author":{"@id":"https:\/\/aconteceunovale.com.br\/portal\/#\/schema\/person\/633529146f2c94272bef50ac2953d589"},"breadcrumb":{"@id":"https:\/\/aconteceunovale.com.br\/portal\/?p=28358#breadcrumb"},"inLanguage":"pt-BR","potentialAction":[{"@type":"ReadAction","target":["https:\/\/aconteceunovale.com.br\/portal\/?p=28358"]}]},{"@type":"ImageObject","inLanguage":"pt-BR","@id":"https:\/\/aconteceunovale.com.br\/portal\/?p=28358#primaryimage","url":"https:\/\/aconteceunovale.com.br\/portal\/wp-content\/uploads\/2014\/05\/cartaz_nova_programacao_cap_2014.jpg","contentUrl":"https:\/\/aconteceunovale.com.br\/portal\/wp-content\/uploads\/2014\/05\/cartaz_nova_programacao_cap_2014.jpg","width":678,"height":406},{"@type":"BreadcrumbList","@id":"https:\/\/aconteceunovale.com.br\/portal\/?p=28358#breadcrumb","itemListElement":[{"@type":"ListItem","position":1,"name":"In\u00edcio","item":"https:\/\/aconteceunovale.com.br\/portal\/"},{"@type":"ListItem","position":2,"name":"Programa\u00e7\u00e3o do Capelinhense ainda \u00e9 d\u00favida a pouco mais de 30 dias para a festa"}]},{"@type":"WebSite","@id":"https:\/\/aconteceunovale.com.br\/portal\/#website","url":"https:\/\/aconteceunovale.com.br\/portal\/","name":"Aconteceu no Vale","description":"Portal de Not\u00edcias","potentialAction":[{"@type":"SearchAction","target":{"@type":"EntryPoint","urlTemplate":"https:\/\/aconteceunovale.com.br\/portal\/?s={search_term_string}"},"query-input":{"@type":"PropertyValueSpecification","valueRequired":true,"valueName":"search_term_string"}}],"inLanguage":"pt-BR"},{"@type":"Person","@id":"https:\/\/aconteceunovale.com.br\/portal\/#\/schema\/person\/633529146f2c94272bef50ac2953d589","name":"Aconteceu no Vale","description":"Equipe de reportagem do Aconteceu no Vale, portal de not\u00edcias do Vale do Jequitinhonha, em Minas Gerais. Cobrimos as 51 cidades do Vale desde 2013. Sugest\u00f5es de pauta e pedidos de corre\u00e7\u00e3o: contato@aconteceunovale.com.br","sameAs":["http:\/\/www.aconteceunovale.com.br"],"url":"https:\/\/aconteceunovale.com.br\/portal\/?author=1"}]}},"_links":{"self":[{"href":"https:\/\/aconteceunovale.com.br\/portal\/index.php?rest_route=\/wp\/v2\/posts\/28358","targetHints":{"allow":["GET"]}}],"collection":[{"href":"https:\/\/aconteceunovale.com.br\/portal\/index.php?rest_route=\/wp\/v2\/posts"}],"about":[{"href":"https:\/\/aconteceunovale.com.br\/portal\/index.php?rest_route=\/wp\/v2\/types\/post"}],"author":[{"embeddable":true,"href":"https:\/\/aconteceunovale.com.br\/portal\/index.php?rest_route=\/wp\/v2\/users\/1"}],"replies":[{"embeddable":true,"href":"https:\/\/aconteceunovale.com.br\/portal\/index.php?rest_route=%2Fwp%2Fv2%2Fcomments&post=28358"}],"version-history":[{"count":0,"href":"https:\/\/aconteceunovale.com.br\/portal\/index.php?rest_route=\/wp\/v2\/posts\/28358\/revisions"}],"wp:featuredmedia":[{"embeddable":true,"href":"https:\/\/aconteceunovale.com.br\/portal\/index.php?rest_route=\/wp\/v2\/media\/28360"}],"wp:attachment":[{"href":"https:\/\/aconteceunovale.com.br\/portal\/index.php?rest_route=%2Fwp%2Fv2%2Fmedia&parent=28358"}],"wp:term":[{"taxonomy":"category","embeddable":true,"href":"https:\/\/aconteceunovale.com.br\/portal\/index.php?rest_route=%2Fwp%2Fv2%2Fcategories&post=28358"},{"taxonomy":"post_tag","embeddable":true,"href":"https:\/\/aconteceunovale.com.br\/portal\/index.php?rest_route=%2Fwp%2Fv2%2Ftags&post=28358"}],"curies":[{"name":"wp","href":"https:\/\/api.w.org\/{rel}","templated":true}]}}