{"id":28326,"date":"2014-05-08T22:39:58","date_gmt":"2014-05-09T01:39:58","guid":{"rendered":"http:\/\/aconteceunovale.com.br\/portal\/?p=28326"},"modified":"2014-05-08T22:39:58","modified_gmt":"2014-05-09T01:39:58","slug":"enem-2014-sera-realizado-nos-dias-8-e-9-de-novembro","status":"publish","type":"post","link":"https:\/\/aconteceunovale.com.br\/portal\/?p=28326","title":{"rendered":"Enem 2014 ser\u00e1 realizado nos dias 8 e 9 de novembro"},"content":{"rendered":"<h4><strong>Inscri\u00e7\u00f5es come\u00e7am nesta segunda-feira. Detectores port\u00e1teis de metal ser\u00e3o usados nos locais de prova, informa o MEC<\/strong><\/h4>\n<p>O Minist\u00e9rio da Educa\u00e7\u00e3o (MEC) confirmou que a edi\u00e7\u00e3o deste ano do Exame Nacional do Ensino M\u00e9dico (Enem) ser\u00e1 realizado nos dias 8 e 9 de novembro. A expectativa do Instituto Nacional de Estudos e Pesquisas Educacionais An\u00edsio Teixeira (Inep), \u00f3rg\u00e3o respons\u00e1vel pelo Enem, \u00e9 de que 8,2 milh\u00f5es de pessoas se inscrevam no exame. Seria um crescimento de 13,9% em rela\u00e7\u00e3o aos 7,2 milh\u00f5es de inscritos em 2013. O per\u00edodo de inscri\u00e7\u00e3o vai desta segunda-feira a 23 de maio.<\/p>\n<p>&#8211; A aplica\u00e7\u00e3o do Enem exige aten\u00e7\u00e3o de todos. \u00c9 importante que cada participante tenha aten\u00e7\u00e3o para o n\u00edvel de detalhe do edital para que a gente possa cumprir de forma correta o Enem. Exige tamb\u00e9m aten\u00e7\u00e3o do MEC, do Inep. Sabemos o quanto o Enem \u00e9 importante para o pa\u00eds, que abre um conjunto de oportunidades para os jovens brasileiros, e os adultos tamb\u00e9m &#8211; avaliou o ministro da Educa\u00e7\u00e3o, Jos\u00e9 Henrique Paim.<\/p>\n<p>Uma novidade do Enem este ano \u00e9 o uso de detectores de metais port\u00e1teis. No edital, constar\u00e1 a previs\u00e3o de que os inscritos poder\u00e3o ser submetidos nos locais de prova e a qualquer momento ao aparelho. Ou seja, n\u00e3o necessariamente eles passar\u00e3o pelo detector. O diretor de Gest\u00e3o e Planejamento do Inep, D\u00eanio Menezes da Silva, disse que a estimativa \u00e9 que 18 mil detectores sejam usados. Questionado se o objetivo disso era impedir o uso de celulares, Paim respondeu: &#8211; O objetivo \u00e9 a seguran\u00e7a em geral, celulares tamb\u00e9m.<\/p>\n<p>O MEC informou tamb\u00e9m que o edital com as regras do Enem ser\u00e1 publicado nesta sexta-feira no Di\u00e1rio Oficial da Uni\u00e3o. O exame trar\u00e1 novidades na acessibilidade de pessoas com defici\u00eancias. O site do Enem, por exemplo, vai oferecer o edital do exame em formato compat\u00edvel com o Dosvox. Trata-se de um sistema que permite deficientes visuais usarem computador. Para os deficientes auditivos, haver\u00e1 um v\u00eddeo na l\u00edngua brasileiras de sinais (Libras).<\/p>\n<p>No primeiro dia de exame, um s\u00e1bado, ser\u00e1 feita a prova de ci\u00eancias humanas e ci\u00eancias da natureza, das 13h \u00e0s 17h30. No segundo dia, ser\u00e3o cobrados linguagens, c\u00f3digos e suas tecnologias, reda\u00e7\u00e3o e matem\u00e1tica. O hor\u00e1rio da prova ser\u00e1 das 13h \u00e0s 18h30. Nos dois dias, os port\u00f5es abrir\u00e3o \u00e0s 12h do hor\u00e1rio de Bras\u00edlia.<\/p>\n<p>No caso dos sabatistas &#8211; pessoas que que guardam os s\u00e1bados por raz\u00f5es religiosas &#8211; as provas come\u00e7ar\u00e3o \u00e0s 19 no hor\u00e1rio de Bras\u00edlia para a maioria dos estados. No Acre, Roraima, Rond\u00f4nia e Amazonas, ser\u00e1 \u00e0s 19h do hor\u00e1rio local. Mas os port\u00f5es continuar\u00e3o sendo abertos \u00e0s 12h do hor\u00e1rio de Bras\u00edlia em todos os estados.<\/p>\n<p>A taxa de inscri\u00e7\u00e3o \u00e9 de R$ 35. N\u00e3o precisar\u00e3o pag\u00e1-la os alunos da rede p\u00fablica e pessoas cuja renda familiar \u00e9 de at\u00e9 um sal\u00e1rio m\u00ednimo e meio (R$ 1.086) per capita. O prazo final para o pagamento da inscri\u00e7\u00e3o \u00e9 28 de maio.<\/p>\n<p>O Inep estima que ser\u00e3o produzidas 18,3 milh\u00f5es de provas, a serem distribu\u00eddas em 1.6999 munic\u00edpios. A distribui\u00e7\u00e3o do material envolver\u00e1 14.175 funcion\u00e1rios dos Correios e far\u00e1 com que sejam percorridos 328 mil km, pouco menos da dist\u00e2ncia entre a Terra e a Lua. Ao todo, 785 mil pessoas, entre coordenadores de locais de aplica\u00e7\u00e3o, assistentes de coordena\u00e7\u00e3o, chefes de salas e fiscais de apoio, estar\u00e3o envolvidos na aplica\u00e7\u00e3o da prova, que ser\u00e1 feita em 226 mil salas distribu\u00eddas entre 16,6 mil locais.<\/p>\n<p>\u00c9 preciso fazer o Enem para participar de algumas sele\u00e7\u00f5es que permitem o ingresso no ensino superior. \u00c9 o caso do Sistema de Sele\u00e7\u00e3o Unificada (Sisu), que oferece vagas em 115 institui\u00e7\u00f5es p\u00fablicas, e do Programa Universidade para Todos (ProUni), que d\u00e1 bolsas a estudantes de baixa renda em faculdades privadas.<\/p>\n<p>O Enem tamb\u00e9m \u00e9 obrigat\u00f3rio para os interessados no programa Ci\u00eancia sem Fronteiras, que d\u00e1 bolsas de gradua\u00e7\u00e3o e p\u00f3s-gradua\u00e7\u00e3o no exterior; e no Fundo de Financiamento Estudantil (Fies), que financia a gradua\u00e7\u00e3o de estudantes matriculados em institui\u00e7\u00f5es privadas. O Enem tamb\u00e9m pode ser usado por estudantes maiores de 18 anos que n\u00e3o tem certifica\u00e7\u00e3o do Ensino M\u00e9dio e querem obt\u00ea-la.<\/p>\n<p>Este ano, um fator de seguran\u00e7a para a elabora\u00e7\u00e3o das provas \u00e9 o funcionamento de uma sala segura na sede do Inep.<\/p>\n<p>&#8211; S\u00e3o tr\u00eas n\u00edveis de seguran\u00e7a (na sala segura). Isso j\u00e1 est\u00e1 implantado. N\u00e3o vamos obviamente mostr\u00e1-la, porque \u00e9 um ambiente seguro &#8211; disse Paim.<\/p>\n<h4><strong>Novidade<\/strong><\/h4>\n<p>O Enem tamb\u00e9m vai trazer como novidade o envio de um torpedo aos candidatos que j\u00e1 se inscreveram em edi\u00e7\u00f5es anteriores mas que deixaram de fazer a prova. Ser\u00e1 um alerta para tentar diminuir a absten\u00e7\u00e3o, explicaram o presidente do Inep, Chico Soares, e o ministro Paim.<\/p>\n<p>&#8211; Temos a informa\u00e7\u00e3o de que em outras edi\u00e7\u00f5es pessoas se inscreveram e n\u00e3o compareceram. Elas receber\u00e3o um alerta. Vamos demonstrar que estamos monitorando, que elas t\u00eam responsabilidade. A inscri\u00e7\u00e3o gera um esfor\u00e7o de gest\u00e3o e custo. Mas n\u00e3o podemos ir al\u00e9m desse limite (puni\u00e7\u00e3o aos ausentes), porque a lei n\u00e3o permite &#8211; disse Paim.<\/p>\n<p>Sobre os mecanismos para diminuir a subjetividade na corre\u00e7\u00e3o das reda\u00e7\u00f5es, Paim disse que os filtros atuais ser\u00e3o mantidos e ampliados, mas n\u00e3o detalhou como isso ser\u00e1 feito.<\/p>\n<p>Questionado sobre a possibilidade de aplicar o Enem mais de uma vez por ano, como chegou a ser prometido h\u00e1 alguns anos, Paim respondeu: &#8211; N\u00e3o est\u00e1 no horizonte do minist\u00e9rio a aplica\u00e7\u00e3o do Enem mais de uma vez por ano. <strong>(O Globo)<\/strong><\/p>\n","protected":false},"excerpt":{"rendered":"<p>Inscri\u00e7\u00f5es come\u00e7am nesta segunda-feira. Detectores port\u00e1teis de metal ser\u00e3o usados nos locais de prova, informa o MEC O Minist\u00e9rio da Educa\u00e7\u00e3o (MEC) confirmou que a edi\u00e7\u00e3o deste ano do Exame Nacional do Ensino M\u00e9dico (Enem) ser\u00e1 realizado nos dias 8 e 9 de novembro. A expectativa do Instituto Nacional de Estudos e Pesquisas Educacionais An\u00edsio [&hellip;]<\/p>\n","protected":false},"author":1,"featured_media":26670,"comment_status":"open","ping_status":"closed","sticky":false,"template":"","format":"standard","meta":{"amp_status":"","footnotes":""},"categories":[6],"tags":[6662,7315],"class_list":["post-28326","post","type-post","status-publish","format-standard","has-post-thumbnail","hentry","category-br","tag-enem-2014","tag-enem-2014-sera-realizado-nos-dias-8-e-9-de-novembro"],"yoast_head":"<!-- This site is optimized with the Yoast SEO plugin v28.3 - https:\/\/yoast.com\/product\/yoast-seo-wordpress\/ -->\n<title>Enem 2014 ser\u00e1 realizado nos dias 8 e 9 de novembro - Aconteceu no Vale<\/title>\n<meta name=\"robots\" content=\"index, follow, max-snippet:-1, max-image-preview:large, max-video-preview:-1\" \/>\n<link rel=\"canonical\" href=\"https:\/\/aconteceunovale.com.br\/portal\/?p=28326\" \/>\n<meta property=\"og:locale\" content=\"pt_BR\" \/>\n<meta property=\"og:type\" content=\"article\" \/>\n<meta property=\"og:title\" content=\"Enem 2014 ser\u00e1 realizado nos dias 8 e 9 de novembro - Aconteceu no Vale\" \/>\n<meta property=\"og:description\" content=\"Inscri\u00e7\u00f5es come\u00e7am nesta segunda-feira. Detectores port\u00e1teis de metal ser\u00e3o usados nos locais de prova, informa o MEC O Minist\u00e9rio da Educa\u00e7\u00e3o (MEC) confirmou que a edi\u00e7\u00e3o deste ano do Exame Nacional do Ensino M\u00e9dico (Enem) ser\u00e1 realizado nos dias 8 e 9 de novembro. A expectativa do Instituto Nacional de Estudos e Pesquisas Educacionais An\u00edsio [&hellip;]\" \/>\n<meta property=\"og:url\" content=\"https:\/\/aconteceunovale.com.br\/portal\/?p=28326\" \/>\n<meta property=\"og:site_name\" content=\"Aconteceu no Vale\" \/>\n<meta property=\"article:publisher\" content=\"https:\/\/www.facebook.com\/aconteceunovale\/\" \/>\n<meta property=\"article:published_time\" content=\"2014-05-09T01:39:58+00:00\" \/>\n<meta property=\"og:image\" content=\"https:\/\/aconteceunovale.com.br\/portal\/wp-content\/uploads\/2014\/04\/enem_2014.jpg\" \/>\n\t<meta property=\"og:image:width\" content=\"642\" \/>\n\t<meta property=\"og:image:height\" content=\"450\" \/>\n\t<meta property=\"og:image:type\" content=\"image\/jpeg\" \/>\n<meta name=\"author\" content=\"Aconteceu no Vale\" \/>\n<meta name=\"twitter:card\" content=\"summary_large_image\" \/>\n<meta name=\"twitter:creator\" content=\"@noticiadosvales\" \/>\n<meta name=\"twitter:site\" content=\"@noticiadosvales\" \/>\n<meta name=\"twitter:label1\" content=\"Escrito por\" \/>\n\t<meta name=\"twitter:data1\" content=\"Aconteceu no Vale\" \/>\n\t<meta name=\"twitter:label2\" content=\"Est. tempo de leitura\" \/>\n\t<meta name=\"twitter:data2\" content=\"5 minutos\" \/>\n<script type=\"application\/ld+json\" class=\"yoast-schema-graph\">{\"@context\":\"https:\\\/\\\/schema.org\",\"@graph\":[{\"@type\":\"Article\",\"@id\":\"https:\\\/\\\/aconteceunovale.com.br\\\/portal\\\/?p=28326#article\",\"isPartOf\":{\"@id\":\"https:\\\/\\\/aconteceunovale.com.br\\\/portal\\\/?p=28326\"},\"author\":{\"name\":\"Aconteceu no Vale\",\"@id\":\"https:\\\/\\\/aconteceunovale.com.br\\\/portal\\\/#\\\/schema\\\/person\\\/633529146f2c94272bef50ac2953d589\"},\"headline\":\"Enem 2014 ser\u00e1 realizado nos dias 8 e 9 de novembro\",\"datePublished\":\"2014-05-09T01:39:58+00:00\",\"mainEntityOfPage\":{\"@id\":\"https:\\\/\\\/aconteceunovale.com.br\\\/portal\\\/?p=28326\"},\"wordCount\":1012,\"commentCount\":0,\"image\":{\"@id\":\"https:\\\/\\\/aconteceunovale.com.br\\\/portal\\\/?p=28326#primaryimage\"},\"thumbnailUrl\":\"https:\\\/\\\/aconteceunovale.com.br\\\/portal\\\/wp-content\\\/uploads\\\/2014\\\/04\\\/enem_2014.jpg\",\"keywords\":[\"enem 2014\",\"Enem 2014 ser\u00e1 realizado nos dias 8 e 9 de novembro\"],\"articleSection\":[\"Brasil\"],\"inLanguage\":\"pt-BR\",\"potentialAction\":[{\"@type\":\"CommentAction\",\"name\":\"Comment\",\"target\":[\"https:\\\/\\\/aconteceunovale.com.br\\\/portal\\\/?p=28326#respond\"]}]},{\"@type\":\"WebPage\",\"@id\":\"https:\\\/\\\/aconteceunovale.com.br\\\/portal\\\/?p=28326\",\"url\":\"https:\\\/\\\/aconteceunovale.com.br\\\/portal\\\/?p=28326\",\"name\":\"Enem 2014 ser\u00e1 realizado nos dias 8 e 9 de novembro - Aconteceu no Vale\",\"isPartOf\":{\"@id\":\"https:\\\/\\\/aconteceunovale.com.br\\\/portal\\\/#website\"},\"primaryImageOfPage\":{\"@id\":\"https:\\\/\\\/aconteceunovale.com.br\\\/portal\\\/?p=28326#primaryimage\"},\"image\":{\"@id\":\"https:\\\/\\\/aconteceunovale.com.br\\\/portal\\\/?p=28326#primaryimage\"},\"thumbnailUrl\":\"https:\\\/\\\/aconteceunovale.com.br\\\/portal\\\/wp-content\\\/uploads\\\/2014\\\/04\\\/enem_2014.jpg\",\"datePublished\":\"2014-05-09T01:39:58+00:00\",\"author\":{\"@id\":\"https:\\\/\\\/aconteceunovale.com.br\\\/portal\\\/#\\\/schema\\\/person\\\/633529146f2c94272bef50ac2953d589\"},\"breadcrumb\":{\"@id\":\"https:\\\/\\\/aconteceunovale.com.br\\\/portal\\\/?p=28326#breadcrumb\"},\"inLanguage\":\"pt-BR\",\"potentialAction\":[{\"@type\":\"ReadAction\",\"target\":[\"https:\\\/\\\/aconteceunovale.com.br\\\/portal\\\/?p=28326\"]}]},{\"@type\":\"ImageObject\",\"inLanguage\":\"pt-BR\",\"@id\":\"https:\\\/\\\/aconteceunovale.com.br\\\/portal\\\/?p=28326#primaryimage\",\"url\":\"https:\\\/\\\/aconteceunovale.com.br\\\/portal\\\/wp-content\\\/uploads\\\/2014\\\/04\\\/enem_2014.jpg\",\"contentUrl\":\"https:\\\/\\\/aconteceunovale.com.br\\\/portal\\\/wp-content\\\/uploads\\\/2014\\\/04\\\/enem_2014.jpg\",\"width\":642,\"height\":450},{\"@type\":\"BreadcrumbList\",\"@id\":\"https:\\\/\\\/aconteceunovale.com.br\\\/portal\\\/?p=28326#breadcrumb\",\"itemListElement\":[{\"@type\":\"ListItem\",\"position\":1,\"name\":\"In\u00edcio\",\"item\":\"https:\\\/\\\/aconteceunovale.com.br\\\/portal\\\/\"},{\"@type\":\"ListItem\",\"position\":2,\"name\":\"Enem 2014 ser\u00e1 realizado nos dias 8 e 9 de novembro\"}]},{\"@type\":\"WebSite\",\"@id\":\"https:\\\/\\\/aconteceunovale.com.br\\\/portal\\\/#website\",\"url\":\"https:\\\/\\\/aconteceunovale.com.br\\\/portal\\\/\",\"name\":\"Aconteceu no Vale\",\"description\":\"Portal de Not\u00edcias\",\"potentialAction\":[{\"@type\":\"SearchAction\",\"target\":{\"@type\":\"EntryPoint\",\"urlTemplate\":\"https:\\\/\\\/aconteceunovale.com.br\\\/portal\\\/?s={search_term_string}\"},\"query-input\":{\"@type\":\"PropertyValueSpecification\",\"valueRequired\":true,\"valueName\":\"search_term_string\"}}],\"inLanguage\":\"pt-BR\"},{\"@type\":\"Person\",\"@id\":\"https:\\\/\\\/aconteceunovale.com.br\\\/portal\\\/#\\\/schema\\\/person\\\/633529146f2c94272bef50ac2953d589\",\"name\":\"Aconteceu no Vale\",\"description\":\"Equipe de reportagem do Aconteceu no Vale, portal de not\u00edcias do Vale do Jequitinhonha, em Minas Gerais. Cobrimos as 51 cidades do Vale desde 2013. Sugest\u00f5es de pauta e pedidos de corre\u00e7\u00e3o: contato@aconteceunovale.com.br\",\"sameAs\":[\"http:\\\/\\\/www.aconteceunovale.com.br\"],\"url\":\"https:\\\/\\\/aconteceunovale.com.br\\\/portal\\\/?author=1\"}]}<\/script>\n<!-- \/ Yoast SEO plugin. -->","yoast_head_json":{"title":"Enem 2014 ser\u00e1 realizado nos dias 8 e 9 de novembro - Aconteceu no Vale","robots":{"index":"index","follow":"follow","max-snippet":"max-snippet:-1","max-image-preview":"max-image-preview:large","max-video-preview":"max-video-preview:-1"},"canonical":"https:\/\/aconteceunovale.com.br\/portal\/?p=28326","og_locale":"pt_BR","og_type":"article","og_title":"Enem 2014 ser\u00e1 realizado nos dias 8 e 9 de novembro - Aconteceu no Vale","og_description":"Inscri\u00e7\u00f5es come\u00e7am nesta segunda-feira. Detectores port\u00e1teis de metal ser\u00e3o usados nos locais de prova, informa o MEC O Minist\u00e9rio da Educa\u00e7\u00e3o (MEC) confirmou que a edi\u00e7\u00e3o deste ano do Exame Nacional do Ensino M\u00e9dico (Enem) ser\u00e1 realizado nos dias 8 e 9 de novembro. A expectativa do Instituto Nacional de Estudos e Pesquisas Educacionais An\u00edsio [&hellip;]","og_url":"https:\/\/aconteceunovale.com.br\/portal\/?p=28326","og_site_name":"Aconteceu no Vale","article_publisher":"https:\/\/www.facebook.com\/aconteceunovale\/","article_published_time":"2014-05-09T01:39:58+00:00","og_image":[{"width":642,"height":450,"url":"https:\/\/aconteceunovale.com.br\/portal\/wp-content\/uploads\/2014\/04\/enem_2014.jpg","type":"image\/jpeg"}],"author":"Aconteceu no Vale","twitter_card":"summary_large_image","twitter_creator":"@noticiadosvales","twitter_site":"@noticiadosvales","twitter_misc":{"Escrito por":"Aconteceu no Vale","Est. tempo de leitura":"5 minutos"},"schema":{"@context":"https:\/\/schema.org","@graph":[{"@type":"Article","@id":"https:\/\/aconteceunovale.com.br\/portal\/?p=28326#article","isPartOf":{"@id":"https:\/\/aconteceunovale.com.br\/portal\/?p=28326"},"author":{"name":"Aconteceu no Vale","@id":"https:\/\/aconteceunovale.com.br\/portal\/#\/schema\/person\/633529146f2c94272bef50ac2953d589"},"headline":"Enem 2014 ser\u00e1 realizado nos dias 8 e 9 de novembro","datePublished":"2014-05-09T01:39:58+00:00","mainEntityOfPage":{"@id":"https:\/\/aconteceunovale.com.br\/portal\/?p=28326"},"wordCount":1012,"commentCount":0,"image":{"@id":"https:\/\/aconteceunovale.com.br\/portal\/?p=28326#primaryimage"},"thumbnailUrl":"https:\/\/aconteceunovale.com.br\/portal\/wp-content\/uploads\/2014\/04\/enem_2014.jpg","keywords":["enem 2014","Enem 2014 ser\u00e1 realizado nos dias 8 e 9 de novembro"],"articleSection":["Brasil"],"inLanguage":"pt-BR","potentialAction":[{"@type":"CommentAction","name":"Comment","target":["https:\/\/aconteceunovale.com.br\/portal\/?p=28326#respond"]}]},{"@type":"WebPage","@id":"https:\/\/aconteceunovale.com.br\/portal\/?p=28326","url":"https:\/\/aconteceunovale.com.br\/portal\/?p=28326","name":"Enem 2014 ser\u00e1 realizado nos dias 8 e 9 de novembro - Aconteceu no Vale","isPartOf":{"@id":"https:\/\/aconteceunovale.com.br\/portal\/#website"},"primaryImageOfPage":{"@id":"https:\/\/aconteceunovale.com.br\/portal\/?p=28326#primaryimage"},"image":{"@id":"https:\/\/aconteceunovale.com.br\/portal\/?p=28326#primaryimage"},"thumbnailUrl":"https:\/\/aconteceunovale.com.br\/portal\/wp-content\/uploads\/2014\/04\/enem_2014.jpg","datePublished":"2014-05-09T01:39:58+00:00","author":{"@id":"https:\/\/aconteceunovale.com.br\/portal\/#\/schema\/person\/633529146f2c94272bef50ac2953d589"},"breadcrumb":{"@id":"https:\/\/aconteceunovale.com.br\/portal\/?p=28326#breadcrumb"},"inLanguage":"pt-BR","potentialAction":[{"@type":"ReadAction","target":["https:\/\/aconteceunovale.com.br\/portal\/?p=28326"]}]},{"@type":"ImageObject","inLanguage":"pt-BR","@id":"https:\/\/aconteceunovale.com.br\/portal\/?p=28326#primaryimage","url":"https:\/\/aconteceunovale.com.br\/portal\/wp-content\/uploads\/2014\/04\/enem_2014.jpg","contentUrl":"https:\/\/aconteceunovale.com.br\/portal\/wp-content\/uploads\/2014\/04\/enem_2014.jpg","width":642,"height":450},{"@type":"BreadcrumbList","@id":"https:\/\/aconteceunovale.com.br\/portal\/?p=28326#breadcrumb","itemListElement":[{"@type":"ListItem","position":1,"name":"In\u00edcio","item":"https:\/\/aconteceunovale.com.br\/portal\/"},{"@type":"ListItem","position":2,"name":"Enem 2014 ser\u00e1 realizado nos dias 8 e 9 de novembro"}]},{"@type":"WebSite","@id":"https:\/\/aconteceunovale.com.br\/portal\/#website","url":"https:\/\/aconteceunovale.com.br\/portal\/","name":"Aconteceu no Vale","description":"Portal de Not\u00edcias","potentialAction":[{"@type":"SearchAction","target":{"@type":"EntryPoint","urlTemplate":"https:\/\/aconteceunovale.com.br\/portal\/?s={search_term_string}"},"query-input":{"@type":"PropertyValueSpecification","valueRequired":true,"valueName":"search_term_string"}}],"inLanguage":"pt-BR"},{"@type":"Person","@id":"https:\/\/aconteceunovale.com.br\/portal\/#\/schema\/person\/633529146f2c94272bef50ac2953d589","name":"Aconteceu no Vale","description":"Equipe de reportagem do Aconteceu no Vale, portal de not\u00edcias do Vale do Jequitinhonha, em Minas Gerais. Cobrimos as 51 cidades do Vale desde 2013. Sugest\u00f5es de pauta e pedidos de corre\u00e7\u00e3o: contato@aconteceunovale.com.br","sameAs":["http:\/\/www.aconteceunovale.com.br"],"url":"https:\/\/aconteceunovale.com.br\/portal\/?author=1"}]}},"_links":{"self":[{"href":"https:\/\/aconteceunovale.com.br\/portal\/index.php?rest_route=\/wp\/v2\/posts\/28326","targetHints":{"allow":["GET"]}}],"collection":[{"href":"https:\/\/aconteceunovale.com.br\/portal\/index.php?rest_route=\/wp\/v2\/posts"}],"about":[{"href":"https:\/\/aconteceunovale.com.br\/portal\/index.php?rest_route=\/wp\/v2\/types\/post"}],"author":[{"embeddable":true,"href":"https:\/\/aconteceunovale.com.br\/portal\/index.php?rest_route=\/wp\/v2\/users\/1"}],"replies":[{"embeddable":true,"href":"https:\/\/aconteceunovale.com.br\/portal\/index.php?rest_route=%2Fwp%2Fv2%2Fcomments&post=28326"}],"version-history":[{"count":0,"href":"https:\/\/aconteceunovale.com.br\/portal\/index.php?rest_route=\/wp\/v2\/posts\/28326\/revisions"}],"wp:featuredmedia":[{"embeddable":true,"href":"https:\/\/aconteceunovale.com.br\/portal\/index.php?rest_route=\/wp\/v2\/media\/26670"}],"wp:attachment":[{"href":"https:\/\/aconteceunovale.com.br\/portal\/index.php?rest_route=%2Fwp%2Fv2%2Fmedia&parent=28326"}],"wp:term":[{"taxonomy":"category","embeddable":true,"href":"https:\/\/aconteceunovale.com.br\/portal\/index.php?rest_route=%2Fwp%2Fv2%2Fcategories&post=28326"},{"taxonomy":"post_tag","embeddable":true,"href":"https:\/\/aconteceunovale.com.br\/portal\/index.php?rest_route=%2Fwp%2Fv2%2Ftags&post=28326"}],"curies":[{"name":"wp","href":"https:\/\/api.w.org\/{rel}","templated":true}]}}