{"id":28323,"date":"2014-05-08T22:26:14","date_gmt":"2014-05-09T01:26:14","guid":{"rendered":"http:\/\/aconteceunovale.com.br\/portal\/?p=28323"},"modified":"2026-09-02T13:38:55","modified_gmt":"2026-09-02T16:38:55","slug":"pedra-azul-recebe-2o-festival-de-cultura-neste-fim-de-semana","status":"publish","type":"post","link":"https:\/\/aconteceunovale.com.br\/portal\/?p=28323","title":{"rendered":"Pedra Azul recebe 2\u00ba Festival de Cultura neste fim de semana"},"content":{"rendered":"<p>A cidade de Pedra Azul, no Vale do Jequitinhonha realiza nesta sexta (9) e s\u00e1bado (10), a 2\u00aa edi\u00e7\u00e3o do Festival de Cultura. Nesta edi\u00e7\u00e3o, a popula\u00e7\u00e3o poder\u00e1 conferir in\u00fameras atra\u00e7\u00f5es gratuitas na Pra\u00e7a do Santu\u00e1rio.O festival re\u00fane artistas do Vale do Jequitinhonha e de Belo Horizonte.<\/p>\n<p>\u201cSer\u00e1 uma grande festa popular.Teremos boa m\u00fasica, interven\u00e7\u00f5es circenses, grupos de teatro, folclore, fotografia e gastronomia t\u00edpica que tamb\u00e9m dar\u00e1 corpo ao evento\u201d, garante Kira Rodrigues, organizadora do festival.   <\/p>\n<p>Ainda de acordo com a organizadora, o Festival tem o car\u00e1ter de resgatar e fomentar a cultura do Vale do Jequitinhonha, al\u00e9m de propor o interc\u00e2mbio com influ\u00eancias de fora da cidade.<\/p>\n<p>&#8220;Pedra Azul \u00e9 uma cidade que possui grande diversidade cultural. N\u00e3o \u00e9 \u00e0 toa que &#8216;exportou&#8217; para o mundo artistas como Paulinho Pedra Azul, Murilo Antunes e tamb\u00e9m Saulo Laranjeira. Convidamos artistas j\u00e1 tradicionais da cidade, mas tamb\u00e9m uma nova gera\u00e7\u00e3o, que vem mostrando um belo trabalho&#8221;, afirma Kira Rodrigues.<\/p>\n<p>Al\u00e9m das apresenta\u00e7\u00f5es dos artistas de &#8216;fora&#8217; e da cidade, o 2\u00ba Festival de Cultura de Pedra Azul ter\u00e1 ainda as tradicionais barraquinhas com comidas e bebidas t\u00edpicas, o folclore e o artesanato \u00fanico do Vale do Jequitinhonha.<\/p>\n<p><strong>PROGRAMA\u00c7\u00c3O:<\/strong><\/p>\n<p>Dia 9\/5, sexta-feira<br \/>\n&#8211; 20h: Grupo Amigos<br \/>\n&#8211; 21h30: FDN Trio<br \/>\n&#8211; 23h: Gabriel Guedes<\/p>\n<p>Dia 10\/5, s\u00e1bado<br \/>\n&#8211; 17h: Toninho Muqui\u00e7a<br \/>\n&#8211; 18h30: Hendrick Souza &#038; Banda<br \/>\n&#8211; 20h: Sarah Assis<br \/>\n&#8211; 21h30: Eliziany Brito<br \/>\n&#8211; 23h: It&#8217;s Only Rolling Stones<\/p>\n<p><img decoding=\"async\" src=\"http:\/\/aconteceunovale.com.br\/portal\/wp-content\/uploads\/2014\/05\/festival_cultural_de_pedra_azul.jpg\" alt=\"\" \/><\/p>\n","protected":false},"excerpt":{"rendered":"<p>A cidade de Pedra Azul, no Vale do Jequitinhonha realiza nesta sexta (9) e s\u00e1bado (10), a 2\u00aa edi\u00e7\u00e3o do Festival de Cultura. Nesta edi\u00e7\u00e3o, a popula\u00e7\u00e3o poder\u00e1 conferir in\u00fameras atra\u00e7\u00f5es gratuitas na Pra\u00e7a do Santu\u00e1rio.O festival re\u00fane artistas do Vale do Jequitinhonha e de Belo Horizonte. \u201cSer\u00e1 uma grande festa popular.Teremos boa m\u00fasica, interven\u00e7\u00f5es [&hellip;]<\/p>\n","protected":false},"author":1,"featured_media":28324,"comment_status":"open","ping_status":"closed","sticky":false,"template":"","format":"standard","meta":{"amp_status":"","footnotes":""},"categories":[125,272566],"tags":[7314,1018,7313,455,7312],"class_list":["post-28323","post","type-post","status-publish","format-standard","has-post-thumbnail","hentry","category-noticias","category-pedra-azul","tag-2o-festival-de-cultura-de-pedra-azul","tag-destaque","tag-festival-cultural-de-pedra-azul","tag-pedra-azul","tag-pedra-azul-recebe-2o-festival-de-cultura-neste-fim-de-semana"],"yoast_head":"<!-- This site is optimized with the Yoast SEO plugin v28.3 - https:\/\/yoast.com\/product\/yoast-seo-wordpress\/ -->\n<title>Pedra Azul recebe 2\u00ba Festival de Cultura neste fim de semana - Aconteceu no Vale<\/title>\n<meta name=\"robots\" content=\"index, follow, max-snippet:-1, max-image-preview:large, max-video-preview:-1\" \/>\n<link rel=\"canonical\" href=\"https:\/\/aconteceunovale.com.br\/portal\/?p=28323\" \/>\n<meta property=\"og:locale\" content=\"pt_BR\" \/>\n<meta property=\"og:type\" content=\"article\" \/>\n<meta property=\"og:title\" content=\"Pedra Azul recebe 2\u00ba Festival de Cultura neste fim de semana - Aconteceu no Vale\" \/>\n<meta property=\"og:description\" content=\"A cidade de Pedra Azul, no Vale do Jequitinhonha realiza nesta sexta (9) e s\u00e1bado (10), a 2\u00aa edi\u00e7\u00e3o do Festival de Cultura. Nesta edi\u00e7\u00e3o, a popula\u00e7\u00e3o poder\u00e1 conferir in\u00fameras atra\u00e7\u00f5es gratuitas na Pra\u00e7a do Santu\u00e1rio.O festival re\u00fane artistas do Vale do Jequitinhonha e de Belo Horizonte. \u201cSer\u00e1 uma grande festa popular.Teremos boa m\u00fasica, interven\u00e7\u00f5es [&hellip;]\" \/>\n<meta property=\"og:url\" content=\"https:\/\/aconteceunovale.com.br\/portal\/?p=28323\" \/>\n<meta property=\"og:site_name\" content=\"Aconteceu no Vale\" \/>\n<meta property=\"article:publisher\" content=\"https:\/\/www.facebook.com\/aconteceunovale\/\" \/>\n<meta property=\"article:published_time\" content=\"2014-05-09T01:26:14+00:00\" \/>\n<meta property=\"article:modified_time\" content=\"2026-09-02T16:38:55+00:00\" \/>\n<meta property=\"og:image\" content=\"https:\/\/aconteceunovale.com.br\/portal\/wp-content\/uploads\/2014\/05\/festival_cultural_de_pedra_azul.jpg\" \/>\n\t<meta property=\"og:image:width\" content=\"678\" \/>\n\t<meta property=\"og:image:height\" content=\"434\" \/>\n\t<meta property=\"og:image:type\" content=\"image\/jpeg\" \/>\n<meta name=\"author\" content=\"Aconteceu no Vale\" \/>\n<meta name=\"twitter:card\" content=\"summary_large_image\" \/>\n<meta name=\"twitter:creator\" content=\"@noticiadosvales\" \/>\n<meta name=\"twitter:site\" content=\"@noticiadosvales\" \/>\n<meta name=\"twitter:label1\" content=\"Escrito por\" \/>\n\t<meta name=\"twitter:data1\" content=\"Aconteceu no Vale\" \/>\n\t<meta name=\"twitter:label2\" content=\"Est. tempo de leitura\" \/>\n\t<meta name=\"twitter:data2\" content=\"1 minuto\" \/>\n<script type=\"application\/ld+json\" class=\"yoast-schema-graph\">{\"@context\":\"https:\\\/\\\/schema.org\",\"@graph\":[{\"@type\":\"Article\",\"@id\":\"https:\\\/\\\/aconteceunovale.com.br\\\/portal\\\/?p=28323#article\",\"isPartOf\":{\"@id\":\"https:\\\/\\\/aconteceunovale.com.br\\\/portal\\\/?p=28323\"},\"author\":{\"name\":\"Aconteceu no Vale\",\"@id\":\"https:\\\/\\\/aconteceunovale.com.br\\\/portal\\\/#\\\/schema\\\/person\\\/633529146f2c94272bef50ac2953d589\"},\"headline\":\"Pedra Azul recebe 2\u00ba Festival de Cultura neste fim de semana\",\"datePublished\":\"2014-05-09T01:26:14+00:00\",\"dateModified\":\"2026-09-02T16:38:55+00:00\",\"mainEntityOfPage\":{\"@id\":\"https:\\\/\\\/aconteceunovale.com.br\\\/portal\\\/?p=28323\"},\"wordCount\":268,\"commentCount\":0,\"image\":{\"@id\":\"https:\\\/\\\/aconteceunovale.com.br\\\/portal\\\/?p=28323#primaryimage\"},\"thumbnailUrl\":\"https:\\\/\\\/aconteceunovale.com.br\\\/portal\\\/wp-content\\\/uploads\\\/2014\\\/05\\\/festival_cultural_de_pedra_azul.jpg\",\"keywords\":[\"2\u00ba Festival de Cultura de Pedra Azul\",\"destaque\",\"Festival Cultural de Pedra Azul\",\"Pedra Azul\",\"Pedra Azul recebe 2\u00ba Festival de Cultura neste fim de semana\"],\"articleSection\":[\"Eventos\",\"Pedra Azul\"],\"inLanguage\":\"pt-BR\",\"potentialAction\":[{\"@type\":\"CommentAction\",\"name\":\"Comment\",\"target\":[\"https:\\\/\\\/aconteceunovale.com.br\\\/portal\\\/?p=28323#respond\"]}]},{\"@type\":\"WebPage\",\"@id\":\"https:\\\/\\\/aconteceunovale.com.br\\\/portal\\\/?p=28323\",\"url\":\"https:\\\/\\\/aconteceunovale.com.br\\\/portal\\\/?p=28323\",\"name\":\"Pedra Azul recebe 2\u00ba Festival de Cultura neste fim de semana - Aconteceu no Vale\",\"isPartOf\":{\"@id\":\"https:\\\/\\\/aconteceunovale.com.br\\\/portal\\\/#website\"},\"primaryImageOfPage\":{\"@id\":\"https:\\\/\\\/aconteceunovale.com.br\\\/portal\\\/?p=28323#primaryimage\"},\"image\":{\"@id\":\"https:\\\/\\\/aconteceunovale.com.br\\\/portal\\\/?p=28323#primaryimage\"},\"thumbnailUrl\":\"https:\\\/\\\/aconteceunovale.com.br\\\/portal\\\/wp-content\\\/uploads\\\/2014\\\/05\\\/festival_cultural_de_pedra_azul.jpg\",\"datePublished\":\"2014-05-09T01:26:14+00:00\",\"dateModified\":\"2026-09-02T16:38:55+00:00\",\"author\":{\"@id\":\"https:\\\/\\\/aconteceunovale.com.br\\\/portal\\\/#\\\/schema\\\/person\\\/633529146f2c94272bef50ac2953d589\"},\"breadcrumb\":{\"@id\":\"https:\\\/\\\/aconteceunovale.com.br\\\/portal\\\/?p=28323#breadcrumb\"},\"inLanguage\":\"pt-BR\",\"potentialAction\":[{\"@type\":\"ReadAction\",\"target\":[\"https:\\\/\\\/aconteceunovale.com.br\\\/portal\\\/?p=28323\"]}]},{\"@type\":\"ImageObject\",\"inLanguage\":\"pt-BR\",\"@id\":\"https:\\\/\\\/aconteceunovale.com.br\\\/portal\\\/?p=28323#primaryimage\",\"url\":\"https:\\\/\\\/aconteceunovale.com.br\\\/portal\\\/wp-content\\\/uploads\\\/2014\\\/05\\\/festival_cultural_de_pedra_azul.jpg\",\"contentUrl\":\"https:\\\/\\\/aconteceunovale.com.br\\\/portal\\\/wp-content\\\/uploads\\\/2014\\\/05\\\/festival_cultural_de_pedra_azul.jpg\",\"width\":678,\"height\":434},{\"@type\":\"BreadcrumbList\",\"@id\":\"https:\\\/\\\/aconteceunovale.com.br\\\/portal\\\/?p=28323#breadcrumb\",\"itemListElement\":[{\"@type\":\"ListItem\",\"position\":1,\"name\":\"In\u00edcio\",\"item\":\"https:\\\/\\\/aconteceunovale.com.br\\\/portal\\\/\"},{\"@type\":\"ListItem\",\"position\":2,\"name\":\"Pedra Azul recebe 2\u00ba Festival de Cultura neste fim de semana\"}]},{\"@type\":\"WebSite\",\"@id\":\"https:\\\/\\\/aconteceunovale.com.br\\\/portal\\\/#website\",\"url\":\"https:\\\/\\\/aconteceunovale.com.br\\\/portal\\\/\",\"name\":\"Aconteceu no Vale\",\"description\":\"Portal de Not\u00edcias\",\"potentialAction\":[{\"@type\":\"SearchAction\",\"target\":{\"@type\":\"EntryPoint\",\"urlTemplate\":\"https:\\\/\\\/aconteceunovale.com.br\\\/portal\\\/?s={search_term_string}\"},\"query-input\":{\"@type\":\"PropertyValueSpecification\",\"valueRequired\":true,\"valueName\":\"search_term_string\"}}],\"inLanguage\":\"pt-BR\"},{\"@type\":\"Person\",\"@id\":\"https:\\\/\\\/aconteceunovale.com.br\\\/portal\\\/#\\\/schema\\\/person\\\/633529146f2c94272bef50ac2953d589\",\"name\":\"Aconteceu no Vale\",\"description\":\"Equipe de reportagem do Aconteceu no Vale, portal de not\u00edcias do Vale do Jequitinhonha, em Minas Gerais. Cobrimos as 51 cidades do Vale desde 2013. Sugest\u00f5es de pauta e pedidos de corre\u00e7\u00e3o: contato@aconteceunovale.com.br\",\"sameAs\":[\"http:\\\/\\\/www.aconteceunovale.com.br\"],\"url\":\"https:\\\/\\\/aconteceunovale.com.br\\\/portal\\\/?author=1\"}]}<\/script>\n<!-- \/ Yoast SEO plugin. -->","yoast_head_json":{"title":"Pedra Azul recebe 2\u00ba Festival de Cultura neste fim de semana - Aconteceu no Vale","robots":{"index":"index","follow":"follow","max-snippet":"max-snippet:-1","max-image-preview":"max-image-preview:large","max-video-preview":"max-video-preview:-1"},"canonical":"https:\/\/aconteceunovale.com.br\/portal\/?p=28323","og_locale":"pt_BR","og_type":"article","og_title":"Pedra Azul recebe 2\u00ba Festival de Cultura neste fim de semana - Aconteceu no Vale","og_description":"A cidade de Pedra Azul, no Vale do Jequitinhonha realiza nesta sexta (9) e s\u00e1bado (10), a 2\u00aa edi\u00e7\u00e3o do Festival de Cultura. Nesta edi\u00e7\u00e3o, a popula\u00e7\u00e3o poder\u00e1 conferir in\u00fameras atra\u00e7\u00f5es gratuitas na Pra\u00e7a do Santu\u00e1rio.O festival re\u00fane artistas do Vale do Jequitinhonha e de Belo Horizonte. \u201cSer\u00e1 uma grande festa popular.Teremos boa m\u00fasica, interven\u00e7\u00f5es [&hellip;]","og_url":"https:\/\/aconteceunovale.com.br\/portal\/?p=28323","og_site_name":"Aconteceu no Vale","article_publisher":"https:\/\/www.facebook.com\/aconteceunovale\/","article_published_time":"2014-05-09T01:26:14+00:00","article_modified_time":"2026-09-02T16:38:55+00:00","og_image":[{"width":678,"height":434,"url":"https:\/\/aconteceunovale.com.br\/portal\/wp-content\/uploads\/2014\/05\/festival_cultural_de_pedra_azul.jpg","type":"image\/jpeg"}],"author":"Aconteceu no Vale","twitter_card":"summary_large_image","twitter_creator":"@noticiadosvales","twitter_site":"@noticiadosvales","twitter_misc":{"Escrito por":"Aconteceu no Vale","Est. tempo de leitura":"1 minuto"},"schema":{"@context":"https:\/\/schema.org","@graph":[{"@type":"Article","@id":"https:\/\/aconteceunovale.com.br\/portal\/?p=28323#article","isPartOf":{"@id":"https:\/\/aconteceunovale.com.br\/portal\/?p=28323"},"author":{"name":"Aconteceu no Vale","@id":"https:\/\/aconteceunovale.com.br\/portal\/#\/schema\/person\/633529146f2c94272bef50ac2953d589"},"headline":"Pedra Azul recebe 2\u00ba Festival de Cultura neste fim de semana","datePublished":"2014-05-09T01:26:14+00:00","dateModified":"2026-09-02T16:38:55+00:00","mainEntityOfPage":{"@id":"https:\/\/aconteceunovale.com.br\/portal\/?p=28323"},"wordCount":268,"commentCount":0,"image":{"@id":"https:\/\/aconteceunovale.com.br\/portal\/?p=28323#primaryimage"},"thumbnailUrl":"https:\/\/aconteceunovale.com.br\/portal\/wp-content\/uploads\/2014\/05\/festival_cultural_de_pedra_azul.jpg","keywords":["2\u00ba Festival de Cultura de Pedra Azul","destaque","Festival Cultural de Pedra Azul","Pedra Azul","Pedra Azul recebe 2\u00ba Festival de Cultura neste fim de semana"],"articleSection":["Eventos","Pedra Azul"],"inLanguage":"pt-BR","potentialAction":[{"@type":"CommentAction","name":"Comment","target":["https:\/\/aconteceunovale.com.br\/portal\/?p=28323#respond"]}]},{"@type":"WebPage","@id":"https:\/\/aconteceunovale.com.br\/portal\/?p=28323","url":"https:\/\/aconteceunovale.com.br\/portal\/?p=28323","name":"Pedra Azul recebe 2\u00ba Festival de Cultura neste fim de semana - Aconteceu no Vale","isPartOf":{"@id":"https:\/\/aconteceunovale.com.br\/portal\/#website"},"primaryImageOfPage":{"@id":"https:\/\/aconteceunovale.com.br\/portal\/?p=28323#primaryimage"},"image":{"@id":"https:\/\/aconteceunovale.com.br\/portal\/?p=28323#primaryimage"},"thumbnailUrl":"https:\/\/aconteceunovale.com.br\/portal\/wp-content\/uploads\/2014\/05\/festival_cultural_de_pedra_azul.jpg","datePublished":"2014-05-09T01:26:14+00:00","dateModified":"2026-09-02T16:38:55+00:00","author":{"@id":"https:\/\/aconteceunovale.com.br\/portal\/#\/schema\/person\/633529146f2c94272bef50ac2953d589"},"breadcrumb":{"@id":"https:\/\/aconteceunovale.com.br\/portal\/?p=28323#breadcrumb"},"inLanguage":"pt-BR","potentialAction":[{"@type":"ReadAction","target":["https:\/\/aconteceunovale.com.br\/portal\/?p=28323"]}]},{"@type":"ImageObject","inLanguage":"pt-BR","@id":"https:\/\/aconteceunovale.com.br\/portal\/?p=28323#primaryimage","url":"https:\/\/aconteceunovale.com.br\/portal\/wp-content\/uploads\/2014\/05\/festival_cultural_de_pedra_azul.jpg","contentUrl":"https:\/\/aconteceunovale.com.br\/portal\/wp-content\/uploads\/2014\/05\/festival_cultural_de_pedra_azul.jpg","width":678,"height":434},{"@type":"BreadcrumbList","@id":"https:\/\/aconteceunovale.com.br\/portal\/?p=28323#breadcrumb","itemListElement":[{"@type":"ListItem","position":1,"name":"In\u00edcio","item":"https:\/\/aconteceunovale.com.br\/portal\/"},{"@type":"ListItem","position":2,"name":"Pedra Azul recebe 2\u00ba Festival de Cultura neste fim de semana"}]},{"@type":"WebSite","@id":"https:\/\/aconteceunovale.com.br\/portal\/#website","url":"https:\/\/aconteceunovale.com.br\/portal\/","name":"Aconteceu no Vale","description":"Portal de Not\u00edcias","potentialAction":[{"@type":"SearchAction","target":{"@type":"EntryPoint","urlTemplate":"https:\/\/aconteceunovale.com.br\/portal\/?s={search_term_string}"},"query-input":{"@type":"PropertyValueSpecification","valueRequired":true,"valueName":"search_term_string"}}],"inLanguage":"pt-BR"},{"@type":"Person","@id":"https:\/\/aconteceunovale.com.br\/portal\/#\/schema\/person\/633529146f2c94272bef50ac2953d589","name":"Aconteceu no Vale","description":"Equipe de reportagem do Aconteceu no Vale, portal de not\u00edcias do Vale do Jequitinhonha, em Minas Gerais. Cobrimos as 51 cidades do Vale desde 2013. Sugest\u00f5es de pauta e pedidos de corre\u00e7\u00e3o: contato@aconteceunovale.com.br","sameAs":["http:\/\/www.aconteceunovale.com.br"],"url":"https:\/\/aconteceunovale.com.br\/portal\/?author=1"}]}},"_links":{"self":[{"href":"https:\/\/aconteceunovale.com.br\/portal\/index.php?rest_route=\/wp\/v2\/posts\/28323","targetHints":{"allow":["GET"]}}],"collection":[{"href":"https:\/\/aconteceunovale.com.br\/portal\/index.php?rest_route=\/wp\/v2\/posts"}],"about":[{"href":"https:\/\/aconteceunovale.com.br\/portal\/index.php?rest_route=\/wp\/v2\/types\/post"}],"author":[{"embeddable":true,"href":"https:\/\/aconteceunovale.com.br\/portal\/index.php?rest_route=\/wp\/v2\/users\/1"}],"replies":[{"embeddable":true,"href":"https:\/\/aconteceunovale.com.br\/portal\/index.php?rest_route=%2Fwp%2Fv2%2Fcomments&post=28323"}],"version-history":[{"count":1,"href":"https:\/\/aconteceunovale.com.br\/portal\/index.php?rest_route=\/wp\/v2\/posts\/28323\/revisions"}],"predecessor-version":[{"id":201686,"href":"https:\/\/aconteceunovale.com.br\/portal\/index.php?rest_route=\/wp\/v2\/posts\/28323\/revisions\/201686"}],"wp:featuredmedia":[{"embeddable":true,"href":"https:\/\/aconteceunovale.com.br\/portal\/index.php?rest_route=\/wp\/v2\/media\/28324"}],"wp:attachment":[{"href":"https:\/\/aconteceunovale.com.br\/portal\/index.php?rest_route=%2Fwp%2Fv2%2Fmedia&parent=28323"}],"wp:term":[{"taxonomy":"category","embeddable":true,"href":"https:\/\/aconteceunovale.com.br\/portal\/index.php?rest_route=%2Fwp%2Fv2%2Fcategories&post=28323"},{"taxonomy":"post_tag","embeddable":true,"href":"https:\/\/aconteceunovale.com.br\/portal\/index.php?rest_route=%2Fwp%2Fv2%2Ftags&post=28323"}],"curies":[{"name":"wp","href":"https:\/\/api.w.org\/{rel}","templated":true}]}}