{"id":28315,"date":"2014-05-08T17:28:17","date_gmt":"2014-05-08T20:28:17","guid":{"rendered":"http:\/\/aconteceunovale.com.br\/portal\/?p=28315"},"modified":"2014-05-08T17:44:09","modified_gmt":"2014-05-08T20:44:09","slug":"teofilo-otoni-traca-plano-para-conter-desmatamento","status":"publish","type":"post","link":"https:\/\/aconteceunovale.com.br\/portal\/?p=28315","title":{"rendered":"Te\u00f3filo Otoni acelera projeto para conter o desmatamento da Mata Atl\u00e2ntica"},"content":{"rendered":"<p>A pris\u00e3o de fazendeiros acusados de suprimir Mata Atl\u00e2ntica no Vale do Mucuri levou a Secretaria de Meio Ambiente e Desenvolvimento Sustent\u00e1vel de Te\u00f3filo Otoni, cidade-polo da regi\u00e3o, a acelerar a execu\u00e7\u00e3o de um plano ambiental municipal. Dentre as propostas est\u00e3o esclarecer os produtores rurais sobre leis ambientais e estabelecer a\u00e7\u00f5es eficazes e cont\u00ednuas para evitar que a situa\u00e7\u00e3o se repita.<\/p>\n<p>Uma reuni\u00e3o j\u00e1 foi realizada com volunt\u00e1rios e representantes de diversos \u00f3rg\u00e3os ambientais e institui\u00e7\u00f5es ligadas ao meio rural. Outras duas est\u00e3o agendadas para os dias 12 e 19, na sede do Instituto Mineiro de Agropecu\u00e1ria (IMA). Nelas ser\u00e1 feito um levantamento dos problemas relacionados com a quest\u00e3o ambiental na \u00e1rea rural. Tamb\u00e9m ser\u00e3o discutidas propostas de abordagem e enfrentamento, e definidas as responsabilidades de cada \u00f3rg\u00e3o.<\/p>\n<p>O nome do projeto \u00e9 \u201cTe\u00f3filo Otoni Sustent\u00e1vel\u201d. Os participantes est\u00e3o divididos em quatro grupos, com os temas \u00c1gua, Terra (Solo), Verde (Matas) e Educa\u00e7\u00e3o Ambiental.<\/p>\n<p><img decoding=\"async\" src=\"http:\/\/aconteceunovale.com.br\/portal\/wp-content\/uploads\/2014\/05\/teofilo_otoni_macaco_muriqui.jpg\" alt=\"\" \/><em><strong>Foto: Leonardo Morais\/Hoje em Dia<\/strong><\/em><br \/>\n<\/br><\/p>\n<p>&#8220;Temos que agir positivamente, esclarecendo nossos produtores rurais e atuando para evitar o verdadeiro vexame que foi a pris\u00e3o de alguns fazendeiros. Nossa a\u00e7\u00e3o visa proteger os produtores rurais em face da legisla\u00e7\u00e3o ambiental\u201d, diz o prefeito Get\u00falio Neiva.<\/p>\n<p>Cidades do Vale do Mucuri s\u00e3o respons\u00e1veis por 15% do desmate irregular de Mata Atl\u00e2ntica no Estado. Na semana passada, a \u201cOpera\u00e7\u00e3o Macaco Muriqui\u201d, desencadeada por t\u00e9cnicos do Sistema Estadual de Meio Ambiente e Recursos H\u00eddricos (Sisema) e policiais militares e civis, levou ao embargo de 350 hectares de \u00e1reas devastadas nas propriedades, prendeu 16 donos de fazendas e funcion\u00e1rios e gerou mais de R$ 2 milh\u00f5es em multas, em sete dias. Lenha e carv\u00e3o vegetal foram apreendidos. <strong>(Hoje em Dia)<\/strong><\/p>\n","protected":false},"excerpt":{"rendered":"<p>A pris\u00e3o de fazendeiros acusados de suprimir Mata Atl\u00e2ntica no Vale do Mucuri levou a Secretaria de Meio Ambiente e Desenvolvimento Sustent\u00e1vel de Te\u00f3filo Otoni, cidade-polo da regi\u00e3o, a acelerar a execu\u00e7\u00e3o de um plano ambiental municipal. Dentre as propostas est\u00e3o esclarecer os produtores rurais sobre leis ambientais e estabelecer a\u00e7\u00f5es eficazes e cont\u00ednuas para [&hellip;]<\/p>\n","protected":false},"author":1,"featured_media":28317,"comment_status":"open","ping_status":"closed","sticky":false,"template":"","format":"standard","meta":{"amp_status":"","footnotes":""},"categories":[122],"tags":[1018,6867,164,7310,7309,7308],"class_list":["post-28315","post","type-post","status-publish","format-standard","has-post-thumbnail","hentry","category-mucuri","tag-destaque","tag-operacao-macaco-muriqui","tag-teofilo-otoni","tag-teofilo-otoni-acelera-projeto-para-conter-o-desmatamento-da-mata-atlantica","tag-teofilo-otoni-sustentavel","tag-teofilo-otoni-traca-plano-para-conter-desmatamento"],"yoast_head":"<!-- This site is optimized with the Yoast SEO plugin v28.3 - https:\/\/yoast.com\/product\/yoast-seo-wordpress\/ -->\n<title>Te\u00f3filo Otoni acelera projeto para conter o desmatamento da Mata Atl\u00e2ntica - Aconteceu no Vale<\/title>\n<meta name=\"robots\" content=\"index, follow, max-snippet:-1, max-image-preview:large, max-video-preview:-1\" \/>\n<link rel=\"canonical\" href=\"https:\/\/aconteceunovale.com.br\/portal\/?p=28315\" \/>\n<meta property=\"og:locale\" content=\"pt_BR\" \/>\n<meta property=\"og:type\" content=\"article\" \/>\n<meta property=\"og:title\" content=\"Te\u00f3filo Otoni acelera projeto para conter o desmatamento da Mata Atl\u00e2ntica - Aconteceu no Vale\" \/>\n<meta property=\"og:description\" content=\"A pris\u00e3o de fazendeiros acusados de suprimir Mata Atl\u00e2ntica no Vale do Mucuri levou a Secretaria de Meio Ambiente e Desenvolvimento Sustent\u00e1vel de Te\u00f3filo Otoni, cidade-polo da regi\u00e3o, a acelerar a execu\u00e7\u00e3o de um plano ambiental municipal. Dentre as propostas est\u00e3o esclarecer os produtores rurais sobre leis ambientais e estabelecer a\u00e7\u00f5es eficazes e cont\u00ednuas para [&hellip;]\" \/>\n<meta property=\"og:url\" content=\"https:\/\/aconteceunovale.com.br\/portal\/?p=28315\" \/>\n<meta property=\"og:site_name\" content=\"Aconteceu no Vale\" \/>\n<meta property=\"article:publisher\" content=\"https:\/\/www.facebook.com\/aconteceunovale\/\" \/>\n<meta property=\"article:published_time\" content=\"2014-05-08T20:28:17+00:00\" \/>\n<meta property=\"article:modified_time\" content=\"2014-05-08T20:44:09+00:00\" \/>\n<meta property=\"og:image\" content=\"https:\/\/aconteceunovale.com.br\/portal\/wp-content\/uploads\/2014\/05\/teofilo_otoni_macaco_muriqui.jpg\" \/>\n\t<meta property=\"og:image:width\" content=\"651\" \/>\n\t<meta property=\"og:image:height\" content=\"450\" \/>\n\t<meta property=\"og:image:type\" content=\"image\/jpeg\" \/>\n<meta name=\"author\" content=\"Aconteceu no Vale\" \/>\n<meta name=\"twitter:card\" content=\"summary_large_image\" \/>\n<meta name=\"twitter:creator\" content=\"@noticiadosvales\" \/>\n<meta name=\"twitter:site\" content=\"@noticiadosvales\" \/>\n<meta name=\"twitter:label1\" content=\"Escrito por\" \/>\n\t<meta name=\"twitter:data1\" content=\"Aconteceu no Vale\" \/>\n\t<meta name=\"twitter:label2\" content=\"Est. tempo de leitura\" \/>\n\t<meta name=\"twitter:data2\" content=\"2 minutos\" \/>\n<script type=\"application\/ld+json\" class=\"yoast-schema-graph\">{\"@context\":\"https:\\\/\\\/schema.org\",\"@graph\":[{\"@type\":\"Article\",\"@id\":\"https:\\\/\\\/aconteceunovale.com.br\\\/portal\\\/?p=28315#article\",\"isPartOf\":{\"@id\":\"https:\\\/\\\/aconteceunovale.com.br\\\/portal\\\/?p=28315\"},\"author\":{\"name\":\"Aconteceu no Vale\",\"@id\":\"https:\\\/\\\/aconteceunovale.com.br\\\/portal\\\/#\\\/schema\\\/person\\\/633529146f2c94272bef50ac2953d589\"},\"headline\":\"Te\u00f3filo Otoni acelera projeto para conter o desmatamento da Mata Atl\u00e2ntica\",\"datePublished\":\"2014-05-08T20:28:17+00:00\",\"dateModified\":\"2014-05-08T20:44:09+00:00\",\"mainEntityOfPage\":{\"@id\":\"https:\\\/\\\/aconteceunovale.com.br\\\/portal\\\/?p=28315\"},\"wordCount\":323,\"commentCount\":0,\"image\":{\"@id\":\"https:\\\/\\\/aconteceunovale.com.br\\\/portal\\\/?p=28315#primaryimage\"},\"thumbnailUrl\":\"https:\\\/\\\/aconteceunovale.com.br\\\/portal\\\/wp-content\\\/uploads\\\/2014\\\/05\\\/teofilo_otoni_macaco_muriqui.jpg\",\"keywords\":[\"destaque\",\"Opera\u00e7\u00e3o Macaco Muriqui\",\"Te\u00f3filo Otoni\",\"Te\u00f3filo Otoni acelera projeto para conter o desmatamento da Mata Atl\u00e2ntica\",\"Te\u00f3filo Otoni Sustent\u00e1vel\",\"Te\u00f3filo Otoni tra\u00e7a plano para conter desmatamento\"],\"articleSection\":[\"Vale do Mucuri\"],\"inLanguage\":\"pt-BR\",\"potentialAction\":[{\"@type\":\"CommentAction\",\"name\":\"Comment\",\"target\":[\"https:\\\/\\\/aconteceunovale.com.br\\\/portal\\\/?p=28315#respond\"]}]},{\"@type\":\"WebPage\",\"@id\":\"https:\\\/\\\/aconteceunovale.com.br\\\/portal\\\/?p=28315\",\"url\":\"https:\\\/\\\/aconteceunovale.com.br\\\/portal\\\/?p=28315\",\"name\":\"Te\u00f3filo Otoni acelera projeto para conter o desmatamento da Mata Atl\u00e2ntica - Aconteceu no Vale\",\"isPartOf\":{\"@id\":\"https:\\\/\\\/aconteceunovale.com.br\\\/portal\\\/#website\"},\"primaryImageOfPage\":{\"@id\":\"https:\\\/\\\/aconteceunovale.com.br\\\/portal\\\/?p=28315#primaryimage\"},\"image\":{\"@id\":\"https:\\\/\\\/aconteceunovale.com.br\\\/portal\\\/?p=28315#primaryimage\"},\"thumbnailUrl\":\"https:\\\/\\\/aconteceunovale.com.br\\\/portal\\\/wp-content\\\/uploads\\\/2014\\\/05\\\/teofilo_otoni_macaco_muriqui.jpg\",\"datePublished\":\"2014-05-08T20:28:17+00:00\",\"dateModified\":\"2014-05-08T20:44:09+00:00\",\"author\":{\"@id\":\"https:\\\/\\\/aconteceunovale.com.br\\\/portal\\\/#\\\/schema\\\/person\\\/633529146f2c94272bef50ac2953d589\"},\"breadcrumb\":{\"@id\":\"https:\\\/\\\/aconteceunovale.com.br\\\/portal\\\/?p=28315#breadcrumb\"},\"inLanguage\":\"pt-BR\",\"potentialAction\":[{\"@type\":\"ReadAction\",\"target\":[\"https:\\\/\\\/aconteceunovale.com.br\\\/portal\\\/?p=28315\"]}]},{\"@type\":\"ImageObject\",\"inLanguage\":\"pt-BR\",\"@id\":\"https:\\\/\\\/aconteceunovale.com.br\\\/portal\\\/?p=28315#primaryimage\",\"url\":\"https:\\\/\\\/aconteceunovale.com.br\\\/portal\\\/wp-content\\\/uploads\\\/2014\\\/05\\\/teofilo_otoni_macaco_muriqui.jpg\",\"contentUrl\":\"https:\\\/\\\/aconteceunovale.com.br\\\/portal\\\/wp-content\\\/uploads\\\/2014\\\/05\\\/teofilo_otoni_macaco_muriqui.jpg\",\"width\":651,\"height\":450},{\"@type\":\"BreadcrumbList\",\"@id\":\"https:\\\/\\\/aconteceunovale.com.br\\\/portal\\\/?p=28315#breadcrumb\",\"itemListElement\":[{\"@type\":\"ListItem\",\"position\":1,\"name\":\"In\u00edcio\",\"item\":\"https:\\\/\\\/aconteceunovale.com.br\\\/portal\\\/\"},{\"@type\":\"ListItem\",\"position\":2,\"name\":\"Te\u00f3filo Otoni acelera projeto para conter o desmatamento da Mata Atl\u00e2ntica\"}]},{\"@type\":\"WebSite\",\"@id\":\"https:\\\/\\\/aconteceunovale.com.br\\\/portal\\\/#website\",\"url\":\"https:\\\/\\\/aconteceunovale.com.br\\\/portal\\\/\",\"name\":\"Aconteceu no Vale\",\"description\":\"Portal de Not\u00edcias\",\"potentialAction\":[{\"@type\":\"SearchAction\",\"target\":{\"@type\":\"EntryPoint\",\"urlTemplate\":\"https:\\\/\\\/aconteceunovale.com.br\\\/portal\\\/?s={search_term_string}\"},\"query-input\":{\"@type\":\"PropertyValueSpecification\",\"valueRequired\":true,\"valueName\":\"search_term_string\"}}],\"inLanguage\":\"pt-BR\"},{\"@type\":\"Person\",\"@id\":\"https:\\\/\\\/aconteceunovale.com.br\\\/portal\\\/#\\\/schema\\\/person\\\/633529146f2c94272bef50ac2953d589\",\"name\":\"Aconteceu no Vale\",\"description\":\"Equipe de reportagem do Aconteceu no Vale, portal de not\u00edcias do Vale do Jequitinhonha, em Minas Gerais. Cobrimos as 51 cidades do Vale desde 2013. Sugest\u00f5es de pauta e pedidos de corre\u00e7\u00e3o: contato@aconteceunovale.com.br\",\"sameAs\":[\"http:\\\/\\\/www.aconteceunovale.com.br\"],\"url\":\"https:\\\/\\\/aconteceunovale.com.br\\\/portal\\\/?author=1\"}]}<\/script>\n<!-- \/ Yoast SEO plugin. -->","yoast_head_json":{"title":"Te\u00f3filo Otoni acelera projeto para conter o desmatamento da Mata Atl\u00e2ntica - Aconteceu no Vale","robots":{"index":"index","follow":"follow","max-snippet":"max-snippet:-1","max-image-preview":"max-image-preview:large","max-video-preview":"max-video-preview:-1"},"canonical":"https:\/\/aconteceunovale.com.br\/portal\/?p=28315","og_locale":"pt_BR","og_type":"article","og_title":"Te\u00f3filo Otoni acelera projeto para conter o desmatamento da Mata Atl\u00e2ntica - Aconteceu no Vale","og_description":"A pris\u00e3o de fazendeiros acusados de suprimir Mata Atl\u00e2ntica no Vale do Mucuri levou a Secretaria de Meio Ambiente e Desenvolvimento Sustent\u00e1vel de Te\u00f3filo Otoni, cidade-polo da regi\u00e3o, a acelerar a execu\u00e7\u00e3o de um plano ambiental municipal. Dentre as propostas est\u00e3o esclarecer os produtores rurais sobre leis ambientais e estabelecer a\u00e7\u00f5es eficazes e cont\u00ednuas para [&hellip;]","og_url":"https:\/\/aconteceunovale.com.br\/portal\/?p=28315","og_site_name":"Aconteceu no Vale","article_publisher":"https:\/\/www.facebook.com\/aconteceunovale\/","article_published_time":"2014-05-08T20:28:17+00:00","article_modified_time":"2014-05-08T20:44:09+00:00","og_image":[{"width":651,"height":450,"url":"https:\/\/aconteceunovale.com.br\/portal\/wp-content\/uploads\/2014\/05\/teofilo_otoni_macaco_muriqui.jpg","type":"image\/jpeg"}],"author":"Aconteceu no Vale","twitter_card":"summary_large_image","twitter_creator":"@noticiadosvales","twitter_site":"@noticiadosvales","twitter_misc":{"Escrito por":"Aconteceu no Vale","Est. tempo de leitura":"2 minutos"},"schema":{"@context":"https:\/\/schema.org","@graph":[{"@type":"Article","@id":"https:\/\/aconteceunovale.com.br\/portal\/?p=28315#article","isPartOf":{"@id":"https:\/\/aconteceunovale.com.br\/portal\/?p=28315"},"author":{"name":"Aconteceu no Vale","@id":"https:\/\/aconteceunovale.com.br\/portal\/#\/schema\/person\/633529146f2c94272bef50ac2953d589"},"headline":"Te\u00f3filo Otoni acelera projeto para conter o desmatamento da Mata Atl\u00e2ntica","datePublished":"2014-05-08T20:28:17+00:00","dateModified":"2014-05-08T20:44:09+00:00","mainEntityOfPage":{"@id":"https:\/\/aconteceunovale.com.br\/portal\/?p=28315"},"wordCount":323,"commentCount":0,"image":{"@id":"https:\/\/aconteceunovale.com.br\/portal\/?p=28315#primaryimage"},"thumbnailUrl":"https:\/\/aconteceunovale.com.br\/portal\/wp-content\/uploads\/2014\/05\/teofilo_otoni_macaco_muriqui.jpg","keywords":["destaque","Opera\u00e7\u00e3o Macaco Muriqui","Te\u00f3filo Otoni","Te\u00f3filo Otoni acelera projeto para conter o desmatamento da Mata Atl\u00e2ntica","Te\u00f3filo Otoni Sustent\u00e1vel","Te\u00f3filo Otoni tra\u00e7a plano para conter desmatamento"],"articleSection":["Vale do Mucuri"],"inLanguage":"pt-BR","potentialAction":[{"@type":"CommentAction","name":"Comment","target":["https:\/\/aconteceunovale.com.br\/portal\/?p=28315#respond"]}]},{"@type":"WebPage","@id":"https:\/\/aconteceunovale.com.br\/portal\/?p=28315","url":"https:\/\/aconteceunovale.com.br\/portal\/?p=28315","name":"Te\u00f3filo Otoni acelera projeto para conter o desmatamento da Mata Atl\u00e2ntica - Aconteceu no Vale","isPartOf":{"@id":"https:\/\/aconteceunovale.com.br\/portal\/#website"},"primaryImageOfPage":{"@id":"https:\/\/aconteceunovale.com.br\/portal\/?p=28315#primaryimage"},"image":{"@id":"https:\/\/aconteceunovale.com.br\/portal\/?p=28315#primaryimage"},"thumbnailUrl":"https:\/\/aconteceunovale.com.br\/portal\/wp-content\/uploads\/2014\/05\/teofilo_otoni_macaco_muriqui.jpg","datePublished":"2014-05-08T20:28:17+00:00","dateModified":"2014-05-08T20:44:09+00:00","author":{"@id":"https:\/\/aconteceunovale.com.br\/portal\/#\/schema\/person\/633529146f2c94272bef50ac2953d589"},"breadcrumb":{"@id":"https:\/\/aconteceunovale.com.br\/portal\/?p=28315#breadcrumb"},"inLanguage":"pt-BR","potentialAction":[{"@type":"ReadAction","target":["https:\/\/aconteceunovale.com.br\/portal\/?p=28315"]}]},{"@type":"ImageObject","inLanguage":"pt-BR","@id":"https:\/\/aconteceunovale.com.br\/portal\/?p=28315#primaryimage","url":"https:\/\/aconteceunovale.com.br\/portal\/wp-content\/uploads\/2014\/05\/teofilo_otoni_macaco_muriqui.jpg","contentUrl":"https:\/\/aconteceunovale.com.br\/portal\/wp-content\/uploads\/2014\/05\/teofilo_otoni_macaco_muriqui.jpg","width":651,"height":450},{"@type":"BreadcrumbList","@id":"https:\/\/aconteceunovale.com.br\/portal\/?p=28315#breadcrumb","itemListElement":[{"@type":"ListItem","position":1,"name":"In\u00edcio","item":"https:\/\/aconteceunovale.com.br\/portal\/"},{"@type":"ListItem","position":2,"name":"Te\u00f3filo Otoni acelera projeto para conter o desmatamento da Mata Atl\u00e2ntica"}]},{"@type":"WebSite","@id":"https:\/\/aconteceunovale.com.br\/portal\/#website","url":"https:\/\/aconteceunovale.com.br\/portal\/","name":"Aconteceu no Vale","description":"Portal de Not\u00edcias","potentialAction":[{"@type":"SearchAction","target":{"@type":"EntryPoint","urlTemplate":"https:\/\/aconteceunovale.com.br\/portal\/?s={search_term_string}"},"query-input":{"@type":"PropertyValueSpecification","valueRequired":true,"valueName":"search_term_string"}}],"inLanguage":"pt-BR"},{"@type":"Person","@id":"https:\/\/aconteceunovale.com.br\/portal\/#\/schema\/person\/633529146f2c94272bef50ac2953d589","name":"Aconteceu no Vale","description":"Equipe de reportagem do Aconteceu no Vale, portal de not\u00edcias do Vale do Jequitinhonha, em Minas Gerais. Cobrimos as 51 cidades do Vale desde 2013. Sugest\u00f5es de pauta e pedidos de corre\u00e7\u00e3o: contato@aconteceunovale.com.br","sameAs":["http:\/\/www.aconteceunovale.com.br"],"url":"https:\/\/aconteceunovale.com.br\/portal\/?author=1"}]}},"_links":{"self":[{"href":"https:\/\/aconteceunovale.com.br\/portal\/index.php?rest_route=\/wp\/v2\/posts\/28315","targetHints":{"allow":["GET"]}}],"collection":[{"href":"https:\/\/aconteceunovale.com.br\/portal\/index.php?rest_route=\/wp\/v2\/posts"}],"about":[{"href":"https:\/\/aconteceunovale.com.br\/portal\/index.php?rest_route=\/wp\/v2\/types\/post"}],"author":[{"embeddable":true,"href":"https:\/\/aconteceunovale.com.br\/portal\/index.php?rest_route=\/wp\/v2\/users\/1"}],"replies":[{"embeddable":true,"href":"https:\/\/aconteceunovale.com.br\/portal\/index.php?rest_route=%2Fwp%2Fv2%2Fcomments&post=28315"}],"version-history":[{"count":0,"href":"https:\/\/aconteceunovale.com.br\/portal\/index.php?rest_route=\/wp\/v2\/posts\/28315\/revisions"}],"wp:featuredmedia":[{"embeddable":true,"href":"https:\/\/aconteceunovale.com.br\/portal\/index.php?rest_route=\/wp\/v2\/media\/28317"}],"wp:attachment":[{"href":"https:\/\/aconteceunovale.com.br\/portal\/index.php?rest_route=%2Fwp%2Fv2%2Fmedia&parent=28315"}],"wp:term":[{"taxonomy":"category","embeddable":true,"href":"https:\/\/aconteceunovale.com.br\/portal\/index.php?rest_route=%2Fwp%2Fv2%2Fcategories&post=28315"},{"taxonomy":"post_tag","embeddable":true,"href":"https:\/\/aconteceunovale.com.br\/portal\/index.php?rest_route=%2Fwp%2Fv2%2Ftags&post=28315"}],"curies":[{"name":"wp","href":"https:\/\/api.w.org\/{rel}","templated":true}]}}