{"id":28276,"date":"2014-05-08T13:23:31","date_gmt":"2014-05-08T16:23:31","guid":{"rendered":"http:\/\/aconteceunovale.com.br\/portal\/?p=28276"},"modified":"2014-05-08T22:50:00","modified_gmt":"2014-05-09T01:50:00","slug":"morre-aos-75-anos-o-cantor-jair-rodrigues","status":"publish","type":"post","link":"https:\/\/aconteceunovale.com.br\/portal\/?p=28276","title":{"rendered":"Morre aos 75 anos o cantor Jair Rodrigues"},"content":{"rendered":"<p>O Brasil perdeu na manh\u00e3 desta quinta-feira, 08 de maio, mais um grande nome da m\u00fasica nacional. Morreu em Cotia, na grande S\u00e3o Paulo, o cantor Jair Rodrigues. Segundo o assessor do artista, Giuliano Spadari, ele foi encontrado sem vida na sauna de sua resid\u00eancia e a causa da morte foi um infarto do mioc\u00e1rdio.<\/p>\n<p>O vel\u00f3rio do corpo de Jair Rodrigues come\u00e7ou \u00e0s 19h, na Assembleia Legislativa de S\u00e3o Paulo. O enterro ser\u00e1 nesta sexta-feira, 09, \u00e0s 11h, no Cemit\u00e9rio Gethsemani. <\/p>\n<p><img decoding=\"async\" src=\"http:\/\/aconteceunovale.com.br\/portal\/wp-content\/uploads\/2014\/05\/morre_jair_rodrigues_08_05_14.jpg\" alt=\"\" \/><em>(Foto: Divulga\u00e7\u00e3o site do artista)<\/em><\/p>\n<p>Jair Rodrigues de Oliveira nasceu em Igarapava (SP), no dia 6 de fevereiro de 1939. Pai dos tamb\u00e9m cantores Jair de Oliveira e Luciana Mello, ele come\u00e7ou sua carreira nos anos 1960, em programas de calouros.<\/p>\n<p>Em 1962, gravou aquele que \u00e9 considerado seu registro de estreia, um disco de 78 rota\u00e7\u00f5es. Segundo o perfil, duas das m\u00fasicas, &#8220;Brasil sensacional&#8221; e &#8220;Marechal da vit\u00f3ria&#8221;, tinham como tema a Copa do Mundo daquele ano, no Chile, que foi vencida pela sele\u00e7\u00e3o brasileira.<\/p>\n<p>Em 1964, gravou seus primeiros LPs, &#8220;Vou de samba com voc\u00ea&#8221; e &#8220;O samba como ele \u00e9&#8221;. Seu maior sucesso no per\u00edodo foi \u00e0 m\u00fasica &#8220;Deixa isso pra l\u00e1&#8221;, tida como precursora do rap no Brasil. Marcada pelo movimento caracter\u00edstico das m\u00e3os de Jair Rodrigues, a faixa foi regravada em 1999 em parceria com o grupo Camorra.<\/p>\n<p>Jair Rodrigues tamb\u00e9m ficou conhecido pelo trabalho ao lado de Elis Regina. Os dois iniciaram a colabora\u00e7\u00e3o em 1965 e lan\u00e7aram o disco ao vivo &#8220;Dois na bossa&#8221;. A boa repercuss\u00e3o do LP rendeu o convite para apresentar o programa O fino da bossa, que estreou em maio  de 1965 na TV Record.<\/p>\n","protected":false},"excerpt":{"rendered":"<p>O Brasil perdeu na manh\u00e3 desta quinta-feira, 08 de maio, mais um grande nome da m\u00fasica nacional. Morreu em Cotia, na grande S\u00e3o Paulo, o cantor Jair Rodrigues. Segundo o assessor do artista, Giuliano Spadari, ele foi encontrado sem vida na sauna de sua resid\u00eancia e a causa da morte foi um infarto do mioc\u00e1rdio. [&hellip;]<\/p>\n","protected":false},"author":1,"featured_media":28278,"comment_status":"open","ping_status":"closed","sticky":false,"template":"","format":"standard","meta":{"amp_status":"","footnotes":""},"categories":[6],"tags":[1018,7298,7297],"class_list":["post-28276","post","type-post","status-publish","format-standard","has-post-thumbnail","hentry","category-br","tag-destaque","tag-jair-rodrigues","tag-morre-aos-75-anos-o-cantor-jair-rodrigues"],"_links":{"self":[{"href":"https:\/\/aconteceunovale.com.br\/portal\/index.php?rest_route=\/wp\/v2\/posts\/28276","targetHints":{"allow":["GET"]}}],"collection":[{"href":"https:\/\/aconteceunovale.com.br\/portal\/index.php?rest_route=\/wp\/v2\/posts"}],"about":[{"href":"https:\/\/aconteceunovale.com.br\/portal\/index.php?rest_route=\/wp\/v2\/types\/post"}],"author":[{"embeddable":true,"href":"https:\/\/aconteceunovale.com.br\/portal\/index.php?rest_route=\/wp\/v2\/users\/1"}],"replies":[{"embeddable":true,"href":"https:\/\/aconteceunovale.com.br\/portal\/index.php?rest_route=%2Fwp%2Fv2%2Fcomments&post=28276"}],"version-history":[{"count":0,"href":"https:\/\/aconteceunovale.com.br\/portal\/index.php?rest_route=\/wp\/v2\/posts\/28276\/revisions"}],"wp:featuredmedia":[{"embeddable":true,"href":"https:\/\/aconteceunovale.com.br\/portal\/index.php?rest_route=\/wp\/v2\/media\/28278"}],"wp:attachment":[{"href":"https:\/\/aconteceunovale.com.br\/portal\/index.php?rest_route=%2Fwp%2Fv2%2Fmedia&parent=28276"}],"wp:term":[{"taxonomy":"category","embeddable":true,"href":"https:\/\/aconteceunovale.com.br\/portal\/index.php?rest_route=%2Fwp%2Fv2%2Fcategories&post=28276"},{"taxonomy":"post_tag","embeddable":true,"href":"https:\/\/aconteceunovale.com.br\/portal\/index.php?rest_route=%2Fwp%2Fv2%2Ftags&post=28276"}],"curies":[{"name":"wp","href":"https:\/\/api.w.org\/{rel}","templated":true}]}}