{"id":28264,"date":"2014-05-07T21:51:20","date_gmt":"2014-05-08T00:51:20","guid":{"rendered":"http:\/\/aconteceunovale.com.br\/portal\/?p=28264"},"modified":"2014-05-07T22:11:39","modified_gmt":"2014-05-08T01:11:39","slug":"homem-fica-ferido-em-acidente-proximo-ao-posto-cherokee-em-valadares","status":"publish","type":"post","link":"https:\/\/aconteceunovale.com.br\/portal\/?p=28264","title":{"rendered":"Homem fica ferido em acidente pr\u00f3ximo ao Posto Cherokee em Valadares"},"content":{"rendered":"<h4><strong>Condutor do caminh\u00e3o tentou manobra indevida, segundo a PRF. Homem que estava no carro teve ferimentos no bra\u00e7o e na perna.<\/strong><\/h4>\n<p><img decoding=\"async\" src=\"http:\/\/aconteceunovale.com.br\/portal\/wp-content\/uploads\/2014\/05\/acidente_gv_07_05_1.jpg\" alt=\"\" \/><em>(Foto: Diego Souza\/G1)<\/em><br \/>\n<\/br><\/p>\n<p>Um acidente envolvendo um caminh\u00e3o e um ve\u00edculo de passeio deixou um homem de 53 anos ferido na tarde desta quarta-feira, 7 de maio, no quil\u00f4metro 395 da BR-116, pr\u00f3ximo ao Posto Cherokee, em Governador Valadares, no Leste de Minas Gerais.<\/p>\n<p>De acordo com informa\u00e7\u00f5es da Pol\u00edcia Rodovi\u00e1ria Federal, o motorista do caminh\u00e3o com placas de S\u00e3o Paulo, que seguia no sentido estado da Bahia, tentou entrar no posto \u00e0s margens da rodovia de forma errada e n\u00e3o percebeu o fluxo de ve\u00edculos no sentido contr\u00e1rio, provocando o acidente.<\/p>\n<p>Com o impacto da colis\u00e3o, Danilo Schultz, que seguia de Te\u00f3filo Otoni para Governador Valadares, ficou preso \u00e0s ferragens, sendo socorrido e encaminhado ao Hospital Municipal de Governador Valadares. De Acordo com o Corpo de Bombeiros, que fez o resgate, a v\u00edtima teve um dos bra\u00e7os e uma das pernas fraturadas. <\/p>\n<p>J\u00e1 o motorista do caminh\u00e3o, R.F.S., de 41 anos, foi detido pela PRF por les\u00e3o corporal culposa e encaminhado \u00e0 Delegacia da Pol\u00edcia Civil.<\/p>\n<p><img decoding=\"async\" src=\"http:\/\/aconteceunovale.com.br\/portal\/wp-content\/uploads\/2014\/05\/acidente_116_gv.jpg\" alt=\"\" \/><em>(Foto: Roberto Higino \/ Caso de Pol\u00edcia)<\/em><\/p>\n","protected":false},"excerpt":{"rendered":"<p>Condutor do caminh\u00e3o tentou manobra indevida, segundo a PRF. Homem que estava no carro teve ferimentos no bra\u00e7o e na perna. (Foto: Diego Souza\/G1) Um acidente envolvendo um caminh\u00e3o e um ve\u00edculo de passeio deixou um homem de 53 anos ferido na tarde desta quarta-feira, 7 de maio, no quil\u00f4metro 395 da BR-116, pr\u00f3ximo ao [&hellip;]<\/p>\n","protected":false},"author":1,"featured_media":28271,"comment_status":"open","ping_status":"closed","sticky":false,"template":"","format":"standard","meta":{"amp_status":"","footnotes":""},"categories":[121],"tags":[7293,1018,247,7292,164],"class_list":["post-28264","post","type-post","status-publish","format-standard","has-post-thumbnail","hentry","category-leste","tag-danilo-schultz","tag-destaque","tag-governador-valadares","tag-homem-fica-ferido-em-acidente-proximo-ao-posto-cherokee-em-valadares","tag-teofilo-otoni"],"yoast_head":"<!-- This site is optimized with the Yoast SEO plugin v28.3 - https:\/\/yoast.com\/product\/yoast-seo-wordpress\/ -->\n<title>Homem fica ferido em acidente pr\u00f3ximo ao Posto Cherokee em Valadares - Aconteceu no Vale<\/title>\n<meta name=\"robots\" content=\"index, follow, max-snippet:-1, max-image-preview:large, max-video-preview:-1\" \/>\n<link rel=\"canonical\" href=\"https:\/\/aconteceunovale.com.br\/portal\/?p=28264\" \/>\n<meta property=\"og:locale\" content=\"pt_BR\" \/>\n<meta property=\"og:type\" content=\"article\" \/>\n<meta property=\"og:title\" content=\"Homem fica ferido em acidente pr\u00f3ximo ao Posto Cherokee em Valadares - Aconteceu no Vale\" \/>\n<meta property=\"og:description\" content=\"Condutor do caminh\u00e3o tentou manobra indevida, segundo a PRF. Homem que estava no carro teve ferimentos no bra\u00e7o e na perna. (Foto: Diego Souza\/G1) Um acidente envolvendo um caminh\u00e3o e um ve\u00edculo de passeio deixou um homem de 53 anos ferido na tarde desta quarta-feira, 7 de maio, no quil\u00f4metro 395 da BR-116, pr\u00f3ximo ao [&hellip;]\" \/>\n<meta property=\"og:url\" content=\"https:\/\/aconteceunovale.com.br\/portal\/?p=28264\" \/>\n<meta property=\"og:site_name\" content=\"Aconteceu no Vale\" \/>\n<meta property=\"article:publisher\" content=\"https:\/\/www.facebook.com\/aconteceunovale\/\" \/>\n<meta property=\"article:published_time\" content=\"2014-05-08T00:51:20+00:00\" \/>\n<meta property=\"article:modified_time\" content=\"2014-05-08T01:11:39+00:00\" \/>\n<meta property=\"og:image\" content=\"https:\/\/aconteceunovale.com.br\/portal\/wp-content\/uploads\/2014\/05\/acidente_gv_07_05_1.jpg\" \/>\n\t<meta property=\"og:image:width\" content=\"620\" \/>\n\t<meta property=\"og:image:height\" content=\"418\" \/>\n\t<meta property=\"og:image:type\" content=\"image\/jpeg\" \/>\n<meta name=\"author\" content=\"Aconteceu no Vale\" \/>\n<meta name=\"twitter:card\" content=\"summary_large_image\" \/>\n<meta name=\"twitter:creator\" content=\"@noticiadosvales\" \/>\n<meta name=\"twitter:site\" content=\"@noticiadosvales\" \/>\n<meta name=\"twitter:label1\" content=\"Escrito por\" \/>\n\t<meta name=\"twitter:data1\" content=\"Aconteceu no Vale\" \/>\n\t<meta name=\"twitter:label2\" content=\"Est. tempo de leitura\" \/>\n\t<meta name=\"twitter:data2\" content=\"1 minuto\" \/>\n<script type=\"application\/ld+json\" class=\"yoast-schema-graph\">{\"@context\":\"https:\\\/\\\/schema.org\",\"@graph\":[{\"@type\":\"Article\",\"@id\":\"https:\\\/\\\/aconteceunovale.com.br\\\/portal\\\/?p=28264#article\",\"isPartOf\":{\"@id\":\"https:\\\/\\\/aconteceunovale.com.br\\\/portal\\\/?p=28264\"},\"author\":{\"name\":\"Aconteceu no Vale\",\"@id\":\"https:\\\/\\\/aconteceunovale.com.br\\\/portal\\\/#\\\/schema\\\/person\\\/633529146f2c94272bef50ac2953d589\"},\"headline\":\"Homem fica ferido em acidente pr\u00f3ximo ao Posto Cherokee em Valadares\",\"datePublished\":\"2014-05-08T00:51:20+00:00\",\"dateModified\":\"2014-05-08T01:11:39+00:00\",\"mainEntityOfPage\":{\"@id\":\"https:\\\/\\\/aconteceunovale.com.br\\\/portal\\\/?p=28264\"},\"wordCount\":226,\"commentCount\":0,\"image\":{\"@id\":\"https:\\\/\\\/aconteceunovale.com.br\\\/portal\\\/?p=28264#primaryimage\"},\"thumbnailUrl\":\"https:\\\/\\\/aconteceunovale.com.br\\\/portal\\\/wp-content\\\/uploads\\\/2014\\\/05\\\/acidente_gv_07_05_1.jpg\",\"keywords\":[\"Danilo Schultz\",\"destaque\",\"Governador Valadares\",\"Homem fica ferido em acidente pr\u00f3ximo ao Posto Cherokee em Valadares\",\"Te\u00f3filo Otoni\"],\"articleSection\":[\"Leste de Minas\"],\"inLanguage\":\"pt-BR\",\"potentialAction\":[{\"@type\":\"CommentAction\",\"name\":\"Comment\",\"target\":[\"https:\\\/\\\/aconteceunovale.com.br\\\/portal\\\/?p=28264#respond\"]}]},{\"@type\":\"WebPage\",\"@id\":\"https:\\\/\\\/aconteceunovale.com.br\\\/portal\\\/?p=28264\",\"url\":\"https:\\\/\\\/aconteceunovale.com.br\\\/portal\\\/?p=28264\",\"name\":\"Homem fica ferido em acidente pr\u00f3ximo ao Posto Cherokee em Valadares - Aconteceu no Vale\",\"isPartOf\":{\"@id\":\"https:\\\/\\\/aconteceunovale.com.br\\\/portal\\\/#website\"},\"primaryImageOfPage\":{\"@id\":\"https:\\\/\\\/aconteceunovale.com.br\\\/portal\\\/?p=28264#primaryimage\"},\"image\":{\"@id\":\"https:\\\/\\\/aconteceunovale.com.br\\\/portal\\\/?p=28264#primaryimage\"},\"thumbnailUrl\":\"https:\\\/\\\/aconteceunovale.com.br\\\/portal\\\/wp-content\\\/uploads\\\/2014\\\/05\\\/acidente_gv_07_05_1.jpg\",\"datePublished\":\"2014-05-08T00:51:20+00:00\",\"dateModified\":\"2014-05-08T01:11:39+00:00\",\"author\":{\"@id\":\"https:\\\/\\\/aconteceunovale.com.br\\\/portal\\\/#\\\/schema\\\/person\\\/633529146f2c94272bef50ac2953d589\"},\"breadcrumb\":{\"@id\":\"https:\\\/\\\/aconteceunovale.com.br\\\/portal\\\/?p=28264#breadcrumb\"},\"inLanguage\":\"pt-BR\",\"potentialAction\":[{\"@type\":\"ReadAction\",\"target\":[\"https:\\\/\\\/aconteceunovale.com.br\\\/portal\\\/?p=28264\"]}]},{\"@type\":\"ImageObject\",\"inLanguage\":\"pt-BR\",\"@id\":\"https:\\\/\\\/aconteceunovale.com.br\\\/portal\\\/?p=28264#primaryimage\",\"url\":\"https:\\\/\\\/aconteceunovale.com.br\\\/portal\\\/wp-content\\\/uploads\\\/2014\\\/05\\\/acidente_gv_07_05_1.jpg\",\"contentUrl\":\"https:\\\/\\\/aconteceunovale.com.br\\\/portal\\\/wp-content\\\/uploads\\\/2014\\\/05\\\/acidente_gv_07_05_1.jpg\",\"width\":620,\"height\":418},{\"@type\":\"BreadcrumbList\",\"@id\":\"https:\\\/\\\/aconteceunovale.com.br\\\/portal\\\/?p=28264#breadcrumb\",\"itemListElement\":[{\"@type\":\"ListItem\",\"position\":1,\"name\":\"In\u00edcio\",\"item\":\"https:\\\/\\\/aconteceunovale.com.br\\\/portal\\\/\"},{\"@type\":\"ListItem\",\"position\":2,\"name\":\"Homem fica ferido em acidente pr\u00f3ximo ao Posto Cherokee em Valadares\"}]},{\"@type\":\"WebSite\",\"@id\":\"https:\\\/\\\/aconteceunovale.com.br\\\/portal\\\/#website\",\"url\":\"https:\\\/\\\/aconteceunovale.com.br\\\/portal\\\/\",\"name\":\"Aconteceu no Vale\",\"description\":\"Portal de Not\u00edcias\",\"potentialAction\":[{\"@type\":\"SearchAction\",\"target\":{\"@type\":\"EntryPoint\",\"urlTemplate\":\"https:\\\/\\\/aconteceunovale.com.br\\\/portal\\\/?s={search_term_string}\"},\"query-input\":{\"@type\":\"PropertyValueSpecification\",\"valueRequired\":true,\"valueName\":\"search_term_string\"}}],\"inLanguage\":\"pt-BR\"},{\"@type\":\"Person\",\"@id\":\"https:\\\/\\\/aconteceunovale.com.br\\\/portal\\\/#\\\/schema\\\/person\\\/633529146f2c94272bef50ac2953d589\",\"name\":\"Aconteceu no Vale\",\"description\":\"Equipe de reportagem do Aconteceu no Vale, portal de not\u00edcias do Vale do Jequitinhonha, em Minas Gerais. Cobrimos as 51 cidades do Vale desde 2013. Sugest\u00f5es de pauta e pedidos de corre\u00e7\u00e3o: contato@aconteceunovale.com.br\",\"sameAs\":[\"http:\\\/\\\/www.aconteceunovale.com.br\"],\"url\":\"https:\\\/\\\/aconteceunovale.com.br\\\/portal\\\/?author=1\"}]}<\/script>\n<!-- \/ Yoast SEO plugin. -->","yoast_head_json":{"title":"Homem fica ferido em acidente pr\u00f3ximo ao Posto Cherokee em Valadares - Aconteceu no Vale","robots":{"index":"index","follow":"follow","max-snippet":"max-snippet:-1","max-image-preview":"max-image-preview:large","max-video-preview":"max-video-preview:-1"},"canonical":"https:\/\/aconteceunovale.com.br\/portal\/?p=28264","og_locale":"pt_BR","og_type":"article","og_title":"Homem fica ferido em acidente pr\u00f3ximo ao Posto Cherokee em Valadares - Aconteceu no Vale","og_description":"Condutor do caminh\u00e3o tentou manobra indevida, segundo a PRF. Homem que estava no carro teve ferimentos no bra\u00e7o e na perna. (Foto: Diego Souza\/G1) Um acidente envolvendo um caminh\u00e3o e um ve\u00edculo de passeio deixou um homem de 53 anos ferido na tarde desta quarta-feira, 7 de maio, no quil\u00f4metro 395 da BR-116, pr\u00f3ximo ao [&hellip;]","og_url":"https:\/\/aconteceunovale.com.br\/portal\/?p=28264","og_site_name":"Aconteceu no Vale","article_publisher":"https:\/\/www.facebook.com\/aconteceunovale\/","article_published_time":"2014-05-08T00:51:20+00:00","article_modified_time":"2014-05-08T01:11:39+00:00","og_image":[{"width":620,"height":418,"url":"https:\/\/aconteceunovale.com.br\/portal\/wp-content\/uploads\/2014\/05\/acidente_gv_07_05_1.jpg","type":"image\/jpeg"}],"author":"Aconteceu no Vale","twitter_card":"summary_large_image","twitter_creator":"@noticiadosvales","twitter_site":"@noticiadosvales","twitter_misc":{"Escrito por":"Aconteceu no Vale","Est. tempo de leitura":"1 minuto"},"schema":{"@context":"https:\/\/schema.org","@graph":[{"@type":"Article","@id":"https:\/\/aconteceunovale.com.br\/portal\/?p=28264#article","isPartOf":{"@id":"https:\/\/aconteceunovale.com.br\/portal\/?p=28264"},"author":{"name":"Aconteceu no Vale","@id":"https:\/\/aconteceunovale.com.br\/portal\/#\/schema\/person\/633529146f2c94272bef50ac2953d589"},"headline":"Homem fica ferido em acidente pr\u00f3ximo ao Posto Cherokee em Valadares","datePublished":"2014-05-08T00:51:20+00:00","dateModified":"2014-05-08T01:11:39+00:00","mainEntityOfPage":{"@id":"https:\/\/aconteceunovale.com.br\/portal\/?p=28264"},"wordCount":226,"commentCount":0,"image":{"@id":"https:\/\/aconteceunovale.com.br\/portal\/?p=28264#primaryimage"},"thumbnailUrl":"https:\/\/aconteceunovale.com.br\/portal\/wp-content\/uploads\/2014\/05\/acidente_gv_07_05_1.jpg","keywords":["Danilo Schultz","destaque","Governador Valadares","Homem fica ferido em acidente pr\u00f3ximo ao Posto Cherokee em Valadares","Te\u00f3filo Otoni"],"articleSection":["Leste de Minas"],"inLanguage":"pt-BR","potentialAction":[{"@type":"CommentAction","name":"Comment","target":["https:\/\/aconteceunovale.com.br\/portal\/?p=28264#respond"]}]},{"@type":"WebPage","@id":"https:\/\/aconteceunovale.com.br\/portal\/?p=28264","url":"https:\/\/aconteceunovale.com.br\/portal\/?p=28264","name":"Homem fica ferido em acidente pr\u00f3ximo ao Posto Cherokee em Valadares - Aconteceu no Vale","isPartOf":{"@id":"https:\/\/aconteceunovale.com.br\/portal\/#website"},"primaryImageOfPage":{"@id":"https:\/\/aconteceunovale.com.br\/portal\/?p=28264#primaryimage"},"image":{"@id":"https:\/\/aconteceunovale.com.br\/portal\/?p=28264#primaryimage"},"thumbnailUrl":"https:\/\/aconteceunovale.com.br\/portal\/wp-content\/uploads\/2014\/05\/acidente_gv_07_05_1.jpg","datePublished":"2014-05-08T00:51:20+00:00","dateModified":"2014-05-08T01:11:39+00:00","author":{"@id":"https:\/\/aconteceunovale.com.br\/portal\/#\/schema\/person\/633529146f2c94272bef50ac2953d589"},"breadcrumb":{"@id":"https:\/\/aconteceunovale.com.br\/portal\/?p=28264#breadcrumb"},"inLanguage":"pt-BR","potentialAction":[{"@type":"ReadAction","target":["https:\/\/aconteceunovale.com.br\/portal\/?p=28264"]}]},{"@type":"ImageObject","inLanguage":"pt-BR","@id":"https:\/\/aconteceunovale.com.br\/portal\/?p=28264#primaryimage","url":"https:\/\/aconteceunovale.com.br\/portal\/wp-content\/uploads\/2014\/05\/acidente_gv_07_05_1.jpg","contentUrl":"https:\/\/aconteceunovale.com.br\/portal\/wp-content\/uploads\/2014\/05\/acidente_gv_07_05_1.jpg","width":620,"height":418},{"@type":"BreadcrumbList","@id":"https:\/\/aconteceunovale.com.br\/portal\/?p=28264#breadcrumb","itemListElement":[{"@type":"ListItem","position":1,"name":"In\u00edcio","item":"https:\/\/aconteceunovale.com.br\/portal\/"},{"@type":"ListItem","position":2,"name":"Homem fica ferido em acidente pr\u00f3ximo ao Posto Cherokee em Valadares"}]},{"@type":"WebSite","@id":"https:\/\/aconteceunovale.com.br\/portal\/#website","url":"https:\/\/aconteceunovale.com.br\/portal\/","name":"Aconteceu no Vale","description":"Portal de Not\u00edcias","potentialAction":[{"@type":"SearchAction","target":{"@type":"EntryPoint","urlTemplate":"https:\/\/aconteceunovale.com.br\/portal\/?s={search_term_string}"},"query-input":{"@type":"PropertyValueSpecification","valueRequired":true,"valueName":"search_term_string"}}],"inLanguage":"pt-BR"},{"@type":"Person","@id":"https:\/\/aconteceunovale.com.br\/portal\/#\/schema\/person\/633529146f2c94272bef50ac2953d589","name":"Aconteceu no Vale","description":"Equipe de reportagem do Aconteceu no Vale, portal de not\u00edcias do Vale do Jequitinhonha, em Minas Gerais. Cobrimos as 51 cidades do Vale desde 2013. Sugest\u00f5es de pauta e pedidos de corre\u00e7\u00e3o: contato@aconteceunovale.com.br","sameAs":["http:\/\/www.aconteceunovale.com.br"],"url":"https:\/\/aconteceunovale.com.br\/portal\/?author=1"}]}},"_links":{"self":[{"href":"https:\/\/aconteceunovale.com.br\/portal\/index.php?rest_route=\/wp\/v2\/posts\/28264","targetHints":{"allow":["GET"]}}],"collection":[{"href":"https:\/\/aconteceunovale.com.br\/portal\/index.php?rest_route=\/wp\/v2\/posts"}],"about":[{"href":"https:\/\/aconteceunovale.com.br\/portal\/index.php?rest_route=\/wp\/v2\/types\/post"}],"author":[{"embeddable":true,"href":"https:\/\/aconteceunovale.com.br\/portal\/index.php?rest_route=\/wp\/v2\/users\/1"}],"replies":[{"embeddable":true,"href":"https:\/\/aconteceunovale.com.br\/portal\/index.php?rest_route=%2Fwp%2Fv2%2Fcomments&post=28264"}],"version-history":[{"count":0,"href":"https:\/\/aconteceunovale.com.br\/portal\/index.php?rest_route=\/wp\/v2\/posts\/28264\/revisions"}],"wp:featuredmedia":[{"embeddable":true,"href":"https:\/\/aconteceunovale.com.br\/portal\/index.php?rest_route=\/wp\/v2\/media\/28271"}],"wp:attachment":[{"href":"https:\/\/aconteceunovale.com.br\/portal\/index.php?rest_route=%2Fwp%2Fv2%2Fmedia&parent=28264"}],"wp:term":[{"taxonomy":"category","embeddable":true,"href":"https:\/\/aconteceunovale.com.br\/portal\/index.php?rest_route=%2Fwp%2Fv2%2Fcategories&post=28264"},{"taxonomy":"post_tag","embeddable":true,"href":"https:\/\/aconteceunovale.com.br\/portal\/index.php?rest_route=%2Fwp%2Fv2%2Ftags&post=28264"}],"curies":[{"name":"wp","href":"https:\/\/api.w.org\/{rel}","templated":true}]}}