{"id":28221,"date":"2014-05-07T13:47:55","date_gmt":"2014-05-07T16:47:55","guid":{"rendered":"http:\/\/aconteceunovale.com.br\/portal\/?p=28221"},"modified":"2014-05-07T13:49:26","modified_gmt":"2014-05-07T16:49:26","slug":"delegados-de-policia-param-por-12-horas-em-minas-gerais","status":"publish","type":"post","link":"https:\/\/aconteceunovale.com.br\/portal\/?p=28221","title":{"rendered":"Delegados de Pol\u00edcia param por 12 horas em Minas Gerais"},"content":{"rendered":"<p>O Sindicato dos Delegados de Pol\u00edcia Civil do Estado de Minas Gerais (Sindepominas) interrompe nesta quarta-feira (7), de forma integral, das 8h \u00e0s 20h, as atividades da categoria, finalizando uma s\u00e9rie de paralisa\u00e7\u00f5es iniciadas m\u00eas passado. O protesto busca pressionar o Governo estadual a implementar uma pol\u00edtica remunerat\u00f3ria que iguale os vencimentos dos delegados de Pol\u00edcia Civil com o dos defensores p\u00fablicos.<\/p>\n<p>O argumento da categoria \u00e9 de que ambas as categorias fazem parte das carreiras jur\u00eddicas do estado, e a decis\u00e3o foi tomada em assembl\u00e9ia geral da classe, realizada no m\u00eas passado. &#8220;O delegado \u00e9 o primeiro a garantir os direitos do cidad\u00e3o, por isso pedimos mais valoriza\u00e7\u00e3o&#8221;. O Sindepominas tamb\u00e9m afirma que os sal\u00e1rios dos mais de mil delegados de pol\u00edcia em Minas Gerais est\u00e3o entre os tr\u00eas mais baixos do pa\u00eds.<\/p>\n<p>Ao todo foram realizadas tr\u00eas paralisa\u00e7\u00f5es na cidade: a primeira, parcial, no dia 23 de abril, de quatro horas, seguida por nova interrup\u00e7\u00e3o parcial de oito horas, no dia 30 de abril. A ades\u00e3o \u00e0s paralisa\u00e7\u00f5es foi de 95% em todo o estado, sendo esperado apoio total para esta quarta.<\/p>\n<p><img decoding=\"async\" src=\"http:\/\/aconteceunovale.com.br\/portal\/wp-content\/uploads\/2014\/05\/paralisacao_delegacos_07_05.jpg\" alt=\"\" \/><em><strong>(Delegados de Governador Valadares &#8211; Foto: Di\u00e1rio do Rio Doce)<\/strong><\/em><\/p>\n","protected":false},"excerpt":{"rendered":"<p>O Sindicato dos Delegados de Pol\u00edcia Civil do Estado de Minas Gerais (Sindepominas) interrompe nesta quarta-feira (7), de forma integral, das 8h \u00e0s 20h, as atividades da categoria, finalizando uma s\u00e9rie de paralisa\u00e7\u00f5es iniciadas m\u00eas passado. O protesto busca pressionar o Governo estadual a implementar uma pol\u00edtica remunerat\u00f3ria que iguale os vencimentos dos delegados de [&hellip;]<\/p>\n","protected":false},"author":1,"featured_media":28222,"comment_status":"open","ping_status":"closed","sticky":false,"template":"","format":"standard","meta":{"amp_status":"","footnotes":""},"categories":[123],"tags":[7273,1018,7274],"class_list":["post-28221","post","type-post","status-publish","format-standard","has-post-thumbnail","hentry","category-gerais","tag-delegados-de-policia-param-por-12-horas-em-minas-gerais","tag-destaque","tag-paralisacao-dos-delegados-da-policia-civil-de-minas-gerais"],"_links":{"self":[{"href":"https:\/\/aconteceunovale.com.br\/portal\/index.php?rest_route=\/wp\/v2\/posts\/28221","targetHints":{"allow":["GET"]}}],"collection":[{"href":"https:\/\/aconteceunovale.com.br\/portal\/index.php?rest_route=\/wp\/v2\/posts"}],"about":[{"href":"https:\/\/aconteceunovale.com.br\/portal\/index.php?rest_route=\/wp\/v2\/types\/post"}],"author":[{"embeddable":true,"href":"https:\/\/aconteceunovale.com.br\/portal\/index.php?rest_route=\/wp\/v2\/users\/1"}],"replies":[{"embeddable":true,"href":"https:\/\/aconteceunovale.com.br\/portal\/index.php?rest_route=%2Fwp%2Fv2%2Fcomments&post=28221"}],"version-history":[{"count":0,"href":"https:\/\/aconteceunovale.com.br\/portal\/index.php?rest_route=\/wp\/v2\/posts\/28221\/revisions"}],"wp:featuredmedia":[{"embeddable":true,"href":"https:\/\/aconteceunovale.com.br\/portal\/index.php?rest_route=\/wp\/v2\/media\/28222"}],"wp:attachment":[{"href":"https:\/\/aconteceunovale.com.br\/portal\/index.php?rest_route=%2Fwp%2Fv2%2Fmedia&parent=28221"}],"wp:term":[{"taxonomy":"category","embeddable":true,"href":"https:\/\/aconteceunovale.com.br\/portal\/index.php?rest_route=%2Fwp%2Fv2%2Fcategories&post=28221"},{"taxonomy":"post_tag","embeddable":true,"href":"https:\/\/aconteceunovale.com.br\/portal\/index.php?rest_route=%2Fwp%2Fv2%2Ftags&post=28221"}],"curies":[{"name":"wp","href":"https:\/\/api.w.org\/{rel}","templated":true}]}}