{"id":28218,"date":"2014-05-07T13:35:56","date_gmt":"2014-05-07T16:35:56","guid":{"rendered":"http:\/\/aconteceunovale.com.br\/portal\/?p=28218"},"modified":"2014-05-07T13:35:56","modified_gmt":"2014-05-07T16:35:56","slug":"policia-civil-prende-suspeitos-de-furto-roubo-ameaca-e-lesao-corporal-em-salinas","status":"publish","type":"post","link":"https:\/\/aconteceunovale.com.br\/portal\/?p=28218","title":{"rendered":"Pol\u00edcia Civil prende suspeitos de furto, roubo, amea\u00e7a e les\u00e3o corporal em Salinas"},"content":{"rendered":"<h4><strong>Em um dos casos, a v\u00edtima foi agredida e ficou parapl\u00e9gica.  Segundo delegado, popula\u00e7\u00e3o tinha medo de denunciar os 3 criminosos.<\/strong><\/h4>\n<p>A Pol\u00edcia Civil prendeu tr\u00eas homens, com idades entre 25 e 40 anos, suspeitos dos crimes de les\u00e3o corporal, amea\u00e7a, furto e roubo, em Salinas, no Norte de Minas Gerais.<\/p>\n<p>De acordo com a PC, os criminosos atuavam juntos e s\u00e3o parentes. Os mandados de pris\u00e3o foram cumpridos nesta quarta-feira (7). Policiais de Salinas e Taiobeiras participaram da opera\u00e7\u00e3o.<\/p>\n<p>Segundo delegado Jos\u00e9 Eduardo Santos, da PC de Salinas, durante o cumprimento dos mandados um dos suspeitos tentou fugir. Eles estavam sendo investigados desde dezembro de 2013. A maioria dos furtos e roubos cometidos pelos tr\u00eas tinham resid\u00eancias como alvo. Em um dos casos de agress\u00e3o, a v\u00edtima ficou parapl\u00e9gica.<\/p>\n<p>&#8220;A popula\u00e7\u00e3o local tinha pavor dos criminosos, por se tratarem de pessoas extremamente violentas. H\u00e1 casos de moradores que mudaram da cidade, com medo&#8221;, destaca o delegado.<\/p>\n","protected":false},"excerpt":{"rendered":"<p>Em um dos casos, a v\u00edtima foi agredida e ficou parapl\u00e9gica. Segundo delegado, popula\u00e7\u00e3o tinha medo de denunciar os 3 criminosos. A Pol\u00edcia Civil prendeu tr\u00eas homens, com idades entre 25 e 40 anos, suspeitos dos crimes de les\u00e3o corporal, amea\u00e7a, furto e roubo, em Salinas, no Norte de Minas Gerais. De acordo com a [&hellip;]<\/p>\n","protected":false},"author":1,"featured_media":28219,"comment_status":"open","ping_status":"closed","sticky":false,"template":"","format":"standard","meta":{"amp_status":"","footnotes":""},"categories":[1236],"tags":[7272,190],"class_list":["post-28218","post","type-post","status-publish","format-standard","has-post-thumbnail","hentry","category-norte_de_minas","tag-presos-em-salinas","tag-salinas"],"_links":{"self":[{"href":"https:\/\/aconteceunovale.com.br\/portal\/index.php?rest_route=\/wp\/v2\/posts\/28218","targetHints":{"allow":["GET"]}}],"collection":[{"href":"https:\/\/aconteceunovale.com.br\/portal\/index.php?rest_route=\/wp\/v2\/posts"}],"about":[{"href":"https:\/\/aconteceunovale.com.br\/portal\/index.php?rest_route=\/wp\/v2\/types\/post"}],"author":[{"embeddable":true,"href":"https:\/\/aconteceunovale.com.br\/portal\/index.php?rest_route=\/wp\/v2\/users\/1"}],"replies":[{"embeddable":true,"href":"https:\/\/aconteceunovale.com.br\/portal\/index.php?rest_route=%2Fwp%2Fv2%2Fcomments&post=28218"}],"version-history":[{"count":0,"href":"https:\/\/aconteceunovale.com.br\/portal\/index.php?rest_route=\/wp\/v2\/posts\/28218\/revisions"}],"wp:featuredmedia":[{"embeddable":true,"href":"https:\/\/aconteceunovale.com.br\/portal\/index.php?rest_route=\/wp\/v2\/media\/28219"}],"wp:attachment":[{"href":"https:\/\/aconteceunovale.com.br\/portal\/index.php?rest_route=%2Fwp%2Fv2%2Fmedia&parent=28218"}],"wp:term":[{"taxonomy":"category","embeddable":true,"href":"https:\/\/aconteceunovale.com.br\/portal\/index.php?rest_route=%2Fwp%2Fv2%2Fcategories&post=28218"},{"taxonomy":"post_tag","embeddable":true,"href":"https:\/\/aconteceunovale.com.br\/portal\/index.php?rest_route=%2Fwp%2Fv2%2Ftags&post=28218"}],"curies":[{"name":"wp","href":"https:\/\/api.w.org\/{rel}","templated":true}]}}