{"id":28215,"date":"2014-05-07T13:33:10","date_gmt":"2014-05-07T16:33:10","guid":{"rendered":"http:\/\/aconteceunovale.com.br\/portal\/?p=28215"},"modified":"2014-05-07T13:33:10","modified_gmt":"2014-05-07T16:33:10","slug":"tres-sao-presos-e-um-adolescente-apreendido-com-armas-de-fogo","status":"publish","type":"post","link":"https:\/\/aconteceunovale.com.br\/portal\/?p=28215","title":{"rendered":"Tr\u00eas s\u00e3o presos e um adolescente apreendido com armas de fogo"},"content":{"rendered":"<h4><strong>Armas de fogo e muni\u00e7\u00f5es foram apreendidas em Santana do Para\u00edso. Todos t\u00eam passagens pela pol\u00edcia.<\/strong><\/h4>\n<p><img decoding=\"async\" src=\"http:\/\/aconteceunovale.com.br\/portal\/wp-content\/uploads\/2014\/05\/presos_santana_paraiso_07_05.jpg\" alt=\"\" \/><strong><em>Tr\u00eas homens foram presos e um menor apreendido em Santana do Para\u00edso (Foto: Patr\u00edcia Belo \/ G1)<\/em><\/strong><br \/>\n<\/br><\/p>\n<p>Durante patrulhamento na noite dessa ter\u00e7a-feira (6), no bairro Jardim Vit\u00f3ria, em Santana do Para\u00edso, a Pol\u00edcia Militar prendeu tr\u00eas homens e apreendeu um adolescente de 16 anos. Segundo informa\u00e7\u00f5es do sargento Marcos Rogerio, o &#8220;grupo estava em atitude suspeita&#8221;, e, quando foi abordado, foram encontradas duas armas de fogo e oito muni\u00e7\u00f5es.<\/p>\n<p>&#8220;Depois que encontramos as armas, os suspeitos afirmaram que estavam armados para fazer a seguran\u00e7a do grupo. O material foi apreendido&#8221;, diz sargento Marcos Rogerio.<\/p>\n<p>Ainda de acordo com o sargento, os tr\u00eas maiores e o menor t\u00eam passagens pela pol\u00edcia por roubo, furto e posse ilegal de armas.<\/p>\n<p>&#8220;S\u00e3o todos conhecidos da Pol\u00edcia Militar. Durante a abordagem o adolescente disse que \u00e9 do estado do Esp\u00edrito Santos e estaria no Vale do A\u00e7o h\u00e1 pouco tempo. Vamos averiguar todas as informa\u00e7\u00f5es&#8221;, explica.<\/p>\n<p>Todos foram conduzidos para delegacia. <strong>(G1)<\/strong><\/p>\n","protected":false},"excerpt":{"rendered":"<p>Armas de fogo e muni\u00e7\u00f5es foram apreendidas em Santana do Para\u00edso. Todos t\u00eam passagens pela pol\u00edcia. Tr\u00eas homens foram presos e um menor apreendido em Santana do Para\u00edso (Foto: Patr\u00edcia Belo \/ G1) Durante patrulhamento na noite dessa ter\u00e7a-feira (6), no bairro Jardim Vit\u00f3ria, em Santana do Para\u00edso, a Pol\u00edcia Militar prendeu tr\u00eas homens e [&hellip;]<\/p>\n","protected":false},"author":1,"featured_media":28216,"comment_status":"open","ping_status":"closed","sticky":false,"template":"","format":"standard","meta":{"amp_status":"","footnotes":""},"categories":[121],"tags":[2101,7271],"class_list":["post-28215","post","type-post","status-publish","format-standard","has-post-thumbnail","hentry","category-leste","tag-santana-do-paraiso","tag-tres-sao-presos-e-um-adolescente-apreendido-com-armas-de-fogo"],"_links":{"self":[{"href":"https:\/\/aconteceunovale.com.br\/portal\/index.php?rest_route=\/wp\/v2\/posts\/28215","targetHints":{"allow":["GET"]}}],"collection":[{"href":"https:\/\/aconteceunovale.com.br\/portal\/index.php?rest_route=\/wp\/v2\/posts"}],"about":[{"href":"https:\/\/aconteceunovale.com.br\/portal\/index.php?rest_route=\/wp\/v2\/types\/post"}],"author":[{"embeddable":true,"href":"https:\/\/aconteceunovale.com.br\/portal\/index.php?rest_route=\/wp\/v2\/users\/1"}],"replies":[{"embeddable":true,"href":"https:\/\/aconteceunovale.com.br\/portal\/index.php?rest_route=%2Fwp%2Fv2%2Fcomments&post=28215"}],"version-history":[{"count":0,"href":"https:\/\/aconteceunovale.com.br\/portal\/index.php?rest_route=\/wp\/v2\/posts\/28215\/revisions"}],"wp:featuredmedia":[{"embeddable":true,"href":"https:\/\/aconteceunovale.com.br\/portal\/index.php?rest_route=\/wp\/v2\/media\/28216"}],"wp:attachment":[{"href":"https:\/\/aconteceunovale.com.br\/portal\/index.php?rest_route=%2Fwp%2Fv2%2Fmedia&parent=28215"}],"wp:term":[{"taxonomy":"category","embeddable":true,"href":"https:\/\/aconteceunovale.com.br\/portal\/index.php?rest_route=%2Fwp%2Fv2%2Fcategories&post=28215"},{"taxonomy":"post_tag","embeddable":true,"href":"https:\/\/aconteceunovale.com.br\/portal\/index.php?rest_route=%2Fwp%2Fv2%2Ftags&post=28215"}],"curies":[{"name":"wp","href":"https:\/\/api.w.org\/{rel}","templated":true}]}}