{"id":28037,"date":"2014-05-05T21:14:55","date_gmt":"2014-05-06T00:14:55","guid":{"rendered":"http:\/\/aconteceunovale.com.br\/portal\/?p=28037"},"modified":"2014-05-05T21:14:55","modified_gmt":"2014-05-06T00:14:55","slug":"homem-e-baleado-dentro-de-casa-em-almenara","status":"publish","type":"post","link":"https:\/\/aconteceunovale.com.br\/portal\/?p=28037","title":{"rendered":"Homem \u00e9 baleado dentro de casa em Almenara"},"content":{"rendered":"<h4><strong>Ele contou que homens invadiram a casa se passando por policiais e come\u00e7aram a atirar.<\/strong><\/h4>\n<p>O carroceiro Ismael dos Santos, de 29 anos, conhecido por Nego Ioi\u00f4, foi baleado dentro de sua resid\u00eancia, na travessa Paran\u00e1, no bairro Planalto,  na madrugada de domingo (04\/05). Ele foi atingido por tr\u00eas tiros que acertaram o pesco\u00e7o, costas e joelho esquerdo. O carroceiro foi socorrido por policiais militares e conduzido ao hospital Deraldo Guimar\u00e3es.<\/p>\n<p>Uma testemunha contou que por volta das 4 horas da manh\u00e3, o carroceiro entrou gritando no quintal dela, pedindo por socorro e dizendo que havia sido baleado por pessoas que arrombaram a porta da casa dele, se passando por policiais. Esta testemunha afirmou que ouviu 3 disparos.<\/p>\n<p>N\u00e3o h\u00e1 suspeita sobre quem tenha praticado o crime. Ningu\u00e9m foi preso.<\/p>\n<p><strong>(Gazeta de Ara\u00e7ua\u00ed)<\/strong><\/p>\n","protected":false},"excerpt":{"rendered":"<p>Ele contou que homens invadiram a casa se passando por policiais e come\u00e7aram a atirar. O carroceiro Ismael dos Santos, de 29 anos, conhecido por Nego Ioi\u00f4, foi baleado dentro de sua resid\u00eancia, na travessa Paran\u00e1, no bairro Planalto, na madrugada de domingo (04\/05). Ele foi atingido por tr\u00eas tiros que acertaram o pesco\u00e7o, costas [&hellip;]<\/p>\n","protected":false},"author":1,"featured_media":12845,"comment_status":"open","ping_status":"closed","sticky":false,"template":"","format":"standard","meta":{"amp_status":"","footnotes":""},"categories":[120],"tags":[142,7208],"class_list":["post-28037","post","type-post","status-publish","format-standard","has-post-thumbnail","hentry","category-jequi","tag-almenara","tag-homem-e-baleado-dentro-de-casa-em-almenara"],"_links":{"self":[{"href":"https:\/\/aconteceunovale.com.br\/portal\/index.php?rest_route=\/wp\/v2\/posts\/28037","targetHints":{"allow":["GET"]}}],"collection":[{"href":"https:\/\/aconteceunovale.com.br\/portal\/index.php?rest_route=\/wp\/v2\/posts"}],"about":[{"href":"https:\/\/aconteceunovale.com.br\/portal\/index.php?rest_route=\/wp\/v2\/types\/post"}],"author":[{"embeddable":true,"href":"https:\/\/aconteceunovale.com.br\/portal\/index.php?rest_route=\/wp\/v2\/users\/1"}],"replies":[{"embeddable":true,"href":"https:\/\/aconteceunovale.com.br\/portal\/index.php?rest_route=%2Fwp%2Fv2%2Fcomments&post=28037"}],"version-history":[{"count":0,"href":"https:\/\/aconteceunovale.com.br\/portal\/index.php?rest_route=\/wp\/v2\/posts\/28037\/revisions"}],"wp:featuredmedia":[{"embeddable":true,"href":"https:\/\/aconteceunovale.com.br\/portal\/index.php?rest_route=\/wp\/v2\/media\/12845"}],"wp:attachment":[{"href":"https:\/\/aconteceunovale.com.br\/portal\/index.php?rest_route=%2Fwp%2Fv2%2Fmedia&parent=28037"}],"wp:term":[{"taxonomy":"category","embeddable":true,"href":"https:\/\/aconteceunovale.com.br\/portal\/index.php?rest_route=%2Fwp%2Fv2%2Fcategories&post=28037"},{"taxonomy":"post_tag","embeddable":true,"href":"https:\/\/aconteceunovale.com.br\/portal\/index.php?rest_route=%2Fwp%2Fv2%2Ftags&post=28037"}],"curies":[{"name":"wp","href":"https:\/\/api.w.org\/{rel}","templated":true}]}}