{"id":27845,"date":"2014-05-04T19:51:44","date_gmt":"2014-05-04T22:51:44","guid":{"rendered":"http:\/\/aconteceunovale.com.br\/portal\/?p=27845"},"modified":"2014-05-04T19:52:35","modified_gmt":"2014-05-04T22:52:35","slug":"municipios-ignoram-lei-e-nao-criam-alternativas-para-lixo","status":"publish","type":"post","link":"https:\/\/aconteceunovale.com.br\/portal\/?p=27845","title":{"rendered":"Munic\u00edpios ignoram lei e n\u00e3o criam alternativas para lixo"},"content":{"rendered":"<h4><strong>Menos de 10% das cidades mineiras finalizaram seus planos de gest\u00e3o de res\u00edduos s\u00f3lidos<\/strong><\/h4>\n<p>Ainda na estrada, \u00e9 poss\u00edvel ver a aglomera\u00e7\u00e3o de urubus no c\u00e9u e sentir um forte odor, sinais que antecipam a proximidade do lix\u00e3o situado \u00e0s margens da MG\u2013060, em Esmeraldas, na regi\u00e3o metropolitana da capital. O mau cheiro e a imensa quantidade de insetos e aves parecem n\u00e3o incomodar aqueles que passam o dia inteiro retirando daquele amontoado de res\u00edduos o que pode ser reaproveitado. Mas ali est\u00e1 tudo errado: n\u00e3o era para existir lix\u00f5es, e esses catadores tinham que separar o material recicl\u00e1vel enviado pela sociedade por meio de coleta seletiva. \u00c9 isso que prev\u00ea a Lei 12.305\/2010 a partir de agosto deste ano, mas quatro anos n\u00e3o foram suficientes para os munic\u00edpios se adequarem.<\/p>\n<p>Menos de 10% das cidades do Estado conseguiram concluir seus planos de gest\u00e3o dos res\u00edduos s\u00f3lidos, conforme a Associa\u00e7\u00e3o Mineira de Munic\u00edpios (AMM). Em pouco mais de tr\u00eas meses, as prefeituras irregulares come\u00e7ar\u00e3o a ser multadas e ficar\u00e3o impedidas de solicitar recursos federais.<\/p>\n<p>\u201cVamos pedir a prorroga\u00e7\u00e3o do prazo porque os munic\u00edpios n\u00e3o deram conta. Al\u00e9m da falta de dinheiro, cerca de 500 cidades tiveram mudan\u00e7a de prefeito nesse tempo e precisaram acertar contas passadas\u201d, afirma Lic\u00ednio Eust\u00e1quio Xavier, do departamento de Meio Ambiente da AMM. O Minist\u00e9rio do Meio Ambiente informou, por meio de nota, que n\u00e3o ceder\u00e1 ao pedido, \u201cpor entender que estaria adiando o prazo de acabar com este tipo de contamina\u00e7\u00e3o do meio ambiente\u201d.<\/p>\n<p>Das 853 cidades mineiras, 68% n\u00e3o est\u00e3o regularizadas em rela\u00e7\u00e3o ao tratamento do lixo. Segundo balan\u00e7o divulgado na \u00faltima semana pela Funda\u00e7\u00e3o Estadual do Meio Ambiente (Feam), Minas possui 264 lix\u00f5es. Desde 2010, a quantidade de dep\u00f3sitos irregulares caiu 15%, enquanto os aterros sanit\u00e1rios e usinas de triagem e compostagem \u2013 solu\u00e7\u00f5es adequadas \u2013 cresceram 12,5%. Todo o Estado conta hoje com apenas 102 aterros.<\/p>\n<p>\u201cApesar de termos avan\u00e7ado entre 2003 e 2011, a redu\u00e7\u00e3o dos lix\u00f5es foi t\u00edmida nos \u00faltimos anos. Agora, os prazos est\u00e3o apertados. Estamos ajudando os munic\u00edpios a formarem cons\u00f3rcios para constru\u00e7\u00e3o de aterros compartilhados\u201d, explica o diretor de Gest\u00e3o de Res\u00edduos da Feam, Renato Teixeira. Atualmente, existem seis cons\u00f3rcios de lixo em opera\u00e7\u00e3o no Estado. Outros 58 est\u00e3o em processo de implanta\u00e7\u00e3o e beneficiar\u00e3o cerca de 200 munic\u00edpios.<\/p>\n<p><img decoding=\"async\" src=\"http:\/\/aconteceunovale.com.br\/portal\/wp-content\/uploads\/2014\/05\/lixao_esmeraldas.jpg\" alt=\"\" \/><em><strong>Lix\u00e3o existe h\u00e1 22 anos sem qualquer prote\u00e7\u00e3o ao meio ambiente. Prefeitura de Esmeraldas promete desativ\u00e1-lo &#8211; Foto: Denilton Dias \/ O Tempo<\/strong><\/em><br \/>\n<\/br><\/p>\n<h4><strong>O que diz a lei<\/strong><\/h4>\n<p>A Lei 12.305\/2010, que instituiu a Pol\u00edtica Nacional de Res\u00edduos S\u00f3lidos, determina que a adequada disposi\u00e7\u00e3o final do lixo seja implantada at\u00e9 agosto. Assim: 0 Deve-se acabar com os lix\u00f5es;<\/p>\n<p>Elaborar os planos municipais e estaduais de gest\u00e3o integrada de res\u00edduos s\u00f3lidos;<\/p>\n<p>Enviar s\u00f3 rejeitos ao aterro sanit\u00e1rio, implantar a coleta seletiva e criar metas de redu\u00e7\u00e3o na gera\u00e7\u00e3o de lixo;<\/p>\n<p>Infratores ser\u00e3o multados segundo a lei de crime ambiental.<\/p>\n<p><strong>(O Tempo)<\/strong><\/p>\n","protected":false},"excerpt":{"rendered":"<p>Menos de 10% das cidades mineiras finalizaram seus planos de gest\u00e3o de res\u00edduos s\u00f3lidos Ainda na estrada, \u00e9 poss\u00edvel ver a aglomera\u00e7\u00e3o de urubus no c\u00e9u e sentir um forte odor, sinais que antecipam a proximidade do lix\u00e3o situado \u00e0s margens da MG\u2013060, em Esmeraldas, na regi\u00e3o metropolitana da capital. O mau cheiro e a [&hellip;]<\/p>\n","protected":false},"author":1,"featured_media":27846,"comment_status":"open","ping_status":"closed","sticky":false,"template":"","format":"standard","meta":{"amp_status":"","footnotes":""},"categories":[123],"tags":[1018,1492,7188,7187],"class_list":["post-27845","post","type-post","status-publish","format-standard","has-post-thumbnail","hentry","category-gerais","tag-destaque","tag-esmeraldas","tag-menos-de-10-das-cidades-mineiras-finalizaram-seus-planos-de-gestao-de-residuos-solidos","tag-municipios-ignoram-lei-e-nao-criam-alternativas-para-lixo"],"_links":{"self":[{"href":"https:\/\/aconteceunovale.com.br\/portal\/index.php?rest_route=\/wp\/v2\/posts\/27845","targetHints":{"allow":["GET"]}}],"collection":[{"href":"https:\/\/aconteceunovale.com.br\/portal\/index.php?rest_route=\/wp\/v2\/posts"}],"about":[{"href":"https:\/\/aconteceunovale.com.br\/portal\/index.php?rest_route=\/wp\/v2\/types\/post"}],"author":[{"embeddable":true,"href":"https:\/\/aconteceunovale.com.br\/portal\/index.php?rest_route=\/wp\/v2\/users\/1"}],"replies":[{"embeddable":true,"href":"https:\/\/aconteceunovale.com.br\/portal\/index.php?rest_route=%2Fwp%2Fv2%2Fcomments&post=27845"}],"version-history":[{"count":0,"href":"https:\/\/aconteceunovale.com.br\/portal\/index.php?rest_route=\/wp\/v2\/posts\/27845\/revisions"}],"wp:featuredmedia":[{"embeddable":true,"href":"https:\/\/aconteceunovale.com.br\/portal\/index.php?rest_route=\/wp\/v2\/media\/27846"}],"wp:attachment":[{"href":"https:\/\/aconteceunovale.com.br\/portal\/index.php?rest_route=%2Fwp%2Fv2%2Fmedia&parent=27845"}],"wp:term":[{"taxonomy":"category","embeddable":true,"href":"https:\/\/aconteceunovale.com.br\/portal\/index.php?rest_route=%2Fwp%2Fv2%2Fcategories&post=27845"},{"taxonomy":"post_tag","embeddable":true,"href":"https:\/\/aconteceunovale.com.br\/portal\/index.php?rest_route=%2Fwp%2Fv2%2Ftags&post=27845"}],"curies":[{"name":"wp","href":"https:\/\/api.w.org\/{rel}","templated":true}]}}