{"id":27842,"date":"2014-05-04T19:45:22","date_gmt":"2014-05-04T22:45:22","guid":{"rendered":"http:\/\/aconteceunovale.com.br\/portal\/?p=27842"},"modified":"2014-05-04T22:32:49","modified_gmt":"2014-05-05T01:32:49","slug":"piloto-de-parapente-e-resgatado-com-vida-apos-acidente-no-pico-do-ibituruna","status":"publish","type":"post","link":"https:\/\/aconteceunovale.com.br\/portal\/?p=27842","title":{"rendered":"Piloto de parapente \u00e9 resgatado com vida ap\u00f3s acidente no Pico do Ibituruna"},"content":{"rendered":"<p>Um piloto de parapente foi resgatado com vida, neste domingo (4), depois de passar a noite em uma fenda, a uma altura aproximada de 400 metros, no Pico do Ibituruna, em Governador Valadares, Regi\u00e3o do Vale do Rio Doce.<\/p>\n<p>De acordo com o Corpo de Bombeiros, Gustavo de Oliveira Ferreira, de 32 anos, participava do Campeonato Brasileiro de Parapente quando sofreu o acidente e ficou preso no local. Durante o s\u00e1bado (3), a corpora\u00e7\u00e3o tentou resgatar a v\u00edtima, mas a baixa visibilidade impediu a opera\u00e7\u00e3o.<\/p>\n<p>Na manh\u00e3 deste domingo, utilizando o helic\u00f3ptero Arcanjo, os militares conseguiram retirar Gustavo com seguran\u00e7a. Ele recebeu os primeiros atendimentos de uma equipe do Servi\u00e7o de Atendimento M\u00f3vel de Urg\u00eancia (SAMU). <\/p>\n<p><img decoding=\"async\" src=\"http:\/\/aconteceunovale.com.br\/portal\/wp-content\/uploads\/2014\/05\/resgate_piloto_gv_03_05_1.jpg\" alt=\"\" \/><em>O piloto sofreu uma queda durante uma competi\u00e7\u00e3o de parapente na tarde de s\u00e1bado &#8211; Foto: Alex Eler \/ TV Alterosa<\/em><\/p>\n<p><img decoding=\"async\" src=\"http:\/\/aconteceunovale.com.br\/portal\/wp-content\/uploads\/2014\/05\/resgate_piloto_gv_03_05_2.jpg\" alt=\"\" \/><em>De acordo com as equipes de resgate, o piloto n\u00e3o sofreu ferimentos graves &#8211; Foto: Alex Eler \/ TV Alterosa<\/em><\/p>\n","protected":false},"excerpt":{"rendered":"<p>Um piloto de parapente foi resgatado com vida, neste domingo (4), depois de passar a noite em uma fenda, a uma altura aproximada de 400 metros, no Pico do Ibituruna, em Governador Valadares, Regi\u00e3o do Vale do Rio Doce. De acordo com o Corpo de Bombeiros, Gustavo de Oliveira Ferreira, de 32 anos, participava do [&hellip;]<\/p>\n","protected":false},"author":1,"featured_media":27860,"comment_status":"open","ping_status":"closed","sticky":false,"template":"","format":"standard","meta":{"amp_status":"","footnotes":""},"categories":[121],"tags":[7185,1018,247,7186,7184],"class_list":["post-27842","post","type-post","status-publish","format-standard","has-post-thumbnail","hentry","category-leste","tag-acidente-no-pico-do-ibituruna","tag-destaque","tag-governador-valadares","tag-gustavo-de-oliveira-ferreira","tag-piloto-de-parapente-e-resgatado-com-vida-apos-acidente-no-pico-do-ibituruna"],"_links":{"self":[{"href":"https:\/\/aconteceunovale.com.br\/portal\/index.php?rest_route=\/wp\/v2\/posts\/27842","targetHints":{"allow":["GET"]}}],"collection":[{"href":"https:\/\/aconteceunovale.com.br\/portal\/index.php?rest_route=\/wp\/v2\/posts"}],"about":[{"href":"https:\/\/aconteceunovale.com.br\/portal\/index.php?rest_route=\/wp\/v2\/types\/post"}],"author":[{"embeddable":true,"href":"https:\/\/aconteceunovale.com.br\/portal\/index.php?rest_route=\/wp\/v2\/users\/1"}],"replies":[{"embeddable":true,"href":"https:\/\/aconteceunovale.com.br\/portal\/index.php?rest_route=%2Fwp%2Fv2%2Fcomments&post=27842"}],"version-history":[{"count":0,"href":"https:\/\/aconteceunovale.com.br\/portal\/index.php?rest_route=\/wp\/v2\/posts\/27842\/revisions"}],"wp:featuredmedia":[{"embeddable":true,"href":"https:\/\/aconteceunovale.com.br\/portal\/index.php?rest_route=\/wp\/v2\/media\/27860"}],"wp:attachment":[{"href":"https:\/\/aconteceunovale.com.br\/portal\/index.php?rest_route=%2Fwp%2Fv2%2Fmedia&parent=27842"}],"wp:term":[{"taxonomy":"category","embeddable":true,"href":"https:\/\/aconteceunovale.com.br\/portal\/index.php?rest_route=%2Fwp%2Fv2%2Fcategories&post=27842"},{"taxonomy":"post_tag","embeddable":true,"href":"https:\/\/aconteceunovale.com.br\/portal\/index.php?rest_route=%2Fwp%2Fv2%2Ftags&post=27842"}],"curies":[{"name":"wp","href":"https:\/\/api.w.org\/{rel}","templated":true}]}}