{"id":27839,"date":"2014-05-04T19:37:30","date_gmt":"2014-05-04T22:37:30","guid":{"rendered":"http:\/\/aconteceunovale.com.br\/portal\/?p=27839"},"modified":"2014-05-04T19:37:30","modified_gmt":"2014-05-04T22:37:30","slug":"saude-itinerante-chega-em-diamantina","status":"publish","type":"post","link":"https:\/\/aconteceunovale.com.br\/portal\/?p=27839","title":{"rendered":"Sa\u00fade Itinerante chega em Diamantina"},"content":{"rendered":"<p>A Secretaria de Estado de Sa\u00fade (SES\/MG), em parceria com o munic\u00edpio de Diamantina, ir\u00e1 promover, a partir desta ter\u00e7a-feira (06\/05), o projeto \u201cSa\u00fade Itinerante\u201d, que levar\u00e1 aos moradores da regi\u00e3o a estrutura do Programa Ver Minas.<\/p>\n<p>O Programa tem o objetivo de prestar assist\u00eancia oftalmol\u00f3gica cl\u00ednica e cir\u00fargica em locais onde h\u00e1 dificuldade de acesso aos servi\u00e7os e em regi\u00f5es que n\u00e3o disp\u00f5em de prestador para consultas e cirurgias.<\/p>\n<p>O atendimento \u00e9 realizado em duas carretas, uma equipada com consult\u00f3rio oftalmol\u00f3gico e sala para exames e, a outra, com uma sala cir\u00fargica. As unidades m\u00f3veis de atendimento contam com m\u00e9dicos oftalmologistas e oferecem at\u00e9 30 procedimentos diferentes, entre eles, a corre\u00e7\u00e3o cir\u00fargica do estrabismo, reconstitui\u00e7\u00e3o parcial de p\u00e1lpebra, implante secund\u00e1rio de lente intra-ocular e biomicroscopia de fundo de olho.<\/p>\n<p>Com isso, espera-se atender entre os dias 6 a 11\/05, cerca de 750 pacientes por dia e realizar de 250 cirurgias di\u00e1rias, com estimativa de 1.500 cirurgias no total. As a\u00e7\u00f5es do \u201cSa\u00fade Itinerante\u201d em Diamantina, procuram levar \u00e0 popula\u00e7\u00e3o diamantinense pr\u00e1ticas de preven\u00e7\u00e3o, mobiliza\u00e7\u00e3o e principalmente, assist\u00eancia em sa\u00fade.<\/p>\n<p>Data: 06 a 11 de maio<\/p>\n<p>Local: Pra\u00e7a Dom Jo\u00e3o, em frente \u00e0 Rodovi\u00e1ria<\/p>\n","protected":false},"excerpt":{"rendered":"<p>A Secretaria de Estado de Sa\u00fade (SES\/MG), em parceria com o munic\u00edpio de Diamantina, ir\u00e1 promover, a partir desta ter\u00e7a-feira (06\/05), o projeto \u201cSa\u00fade Itinerante\u201d, que levar\u00e1 aos moradores da regi\u00e3o a estrutura do Programa Ver Minas. O Programa tem o objetivo de prestar assist\u00eancia oftalmol\u00f3gica cl\u00ednica e cir\u00fargica em locais onde h\u00e1 dificuldade de [&hellip;]<\/p>\n","protected":false},"author":1,"featured_media":27840,"comment_status":"open","ping_status":"closed","sticky":false,"template":"","format":"standard","meta":{"amp_status":"","footnotes":""},"categories":[120],"tags":[198,7183],"class_list":["post-27839","post","type-post","status-publish","format-standard","has-post-thumbnail","hentry","category-jequi","tag-diamantina","tag-saude-itinerante-chega-em-diamantina"],"_links":{"self":[{"href":"https:\/\/aconteceunovale.com.br\/portal\/index.php?rest_route=\/wp\/v2\/posts\/27839","targetHints":{"allow":["GET"]}}],"collection":[{"href":"https:\/\/aconteceunovale.com.br\/portal\/index.php?rest_route=\/wp\/v2\/posts"}],"about":[{"href":"https:\/\/aconteceunovale.com.br\/portal\/index.php?rest_route=\/wp\/v2\/types\/post"}],"author":[{"embeddable":true,"href":"https:\/\/aconteceunovale.com.br\/portal\/index.php?rest_route=\/wp\/v2\/users\/1"}],"replies":[{"embeddable":true,"href":"https:\/\/aconteceunovale.com.br\/portal\/index.php?rest_route=%2Fwp%2Fv2%2Fcomments&post=27839"}],"version-history":[{"count":0,"href":"https:\/\/aconteceunovale.com.br\/portal\/index.php?rest_route=\/wp\/v2\/posts\/27839\/revisions"}],"wp:featuredmedia":[{"embeddable":true,"href":"https:\/\/aconteceunovale.com.br\/portal\/index.php?rest_route=\/wp\/v2\/media\/27840"}],"wp:attachment":[{"href":"https:\/\/aconteceunovale.com.br\/portal\/index.php?rest_route=%2Fwp%2Fv2%2Fmedia&parent=27839"}],"wp:term":[{"taxonomy":"category","embeddable":true,"href":"https:\/\/aconteceunovale.com.br\/portal\/index.php?rest_route=%2Fwp%2Fv2%2Fcategories&post=27839"},{"taxonomy":"post_tag","embeddable":true,"href":"https:\/\/aconteceunovale.com.br\/portal\/index.php?rest_route=%2Fwp%2Fv2%2Ftags&post=27839"}],"curies":[{"name":"wp","href":"https:\/\/api.w.org\/{rel}","templated":true}]}}