{"id":27833,"date":"2014-05-03T17:32:25","date_gmt":"2014-05-03T20:32:25","guid":{"rendered":"http:\/\/aconteceunovale.com.br\/portal\/?p=27833"},"modified":"2014-05-03T17:32:25","modified_gmt":"2014-05-03T20:32:25","slug":"quatro-pessoas-sao-hospitalizadas-apos-incendio-em-casa-no-bairro-vila-sao-joao-em-valadares","status":"publish","type":"post","link":"https:\/\/aconteceunovale.com.br\/portal\/?p=27833","title":{"rendered":"Quatro pessoas s\u00e3o hospitalizadas ap\u00f3s inc\u00eandio em casa no Bairro Vila S\u00e3o Jo\u00e3o em Valadares"},"content":{"rendered":"<p>Quatro pessoas de uma fam\u00edlia foram hospitalizadas ap\u00f3s exposi\u00e7\u00e3o \u00e0 fuma\u00e7a t\u00f3xica de um inc\u00eandio ocorrido na manh\u00e3 deste s\u00e1bado, 03 de maio, em Governador Valadares, no Leste de Minas Gerais.<\/p>\n<p>De acordo com informa\u00e7\u00f5es do Corpo de Bombeiros, o fogo tomou conta da resid\u00eancia de quatro c\u00f4modos, localizada na Travessa Vinte e Um, 42, no Bairro Vila S\u00e3o Jo\u00e3o, por volta das 7 horas e 30 minutos. O inc\u00eandio destruiu todo o im\u00f3vel, os m\u00f3veis e eletrodom\u00e9sticos. A estrutura da casa ficou comprometida e a Defesa Civil do munic\u00edpio foi acionada para interditar o local.<\/p>\n<p>Na tentativa de salvar alguns bens, Apolin\u00e1rio Pereira de Souza, 42 anos, Leila Stefani Ferreira da Silva, 36 anos, J\u00e9ssica Eliana Pereira Lemos e Elis\u00e2ngela Pereira da Silva, inalaram muita fuma\u00e7a, vindo a sentir n\u00e1useas e v\u00f4mitos. Eles foram socorridos e encaminhados ao Hospital Municipal.<\/p>\n<p>As causas do inc\u00eandio s\u00e3o desconhecidas e ser\u00e3o investigadas pela Pol\u00edcia.<\/p>\n","protected":false},"excerpt":{"rendered":"<p>Quatro pessoas de uma fam\u00edlia foram hospitalizadas ap\u00f3s exposi\u00e7\u00e3o \u00e0 fuma\u00e7a t\u00f3xica de um inc\u00eandio ocorrido na manh\u00e3 deste s\u00e1bado, 03 de maio, em Governador Valadares, no Leste de Minas Gerais. De acordo com informa\u00e7\u00f5es do Corpo de Bombeiros, o fogo tomou conta da resid\u00eancia de quatro c\u00f4modos, localizada na Travessa Vinte e Um, 42, [&hellip;]<\/p>\n","protected":false},"author":1,"featured_media":27835,"comment_status":"open","ping_status":"closed","sticky":false,"template":"","format":"standard","meta":{"amp_status":"","footnotes":""},"categories":[121],"tags":[247,7182],"class_list":["post-27833","post","type-post","status-publish","format-standard","has-post-thumbnail","hentry","category-leste","tag-governador-valadares","tag-quatro-pessoas-sao-hospitalizadas-apos-incendio-em-casa-no-bairro-vila-sao-joao-em-valadares"],"_links":{"self":[{"href":"https:\/\/aconteceunovale.com.br\/portal\/index.php?rest_route=\/wp\/v2\/posts\/27833","targetHints":{"allow":["GET"]}}],"collection":[{"href":"https:\/\/aconteceunovale.com.br\/portal\/index.php?rest_route=\/wp\/v2\/posts"}],"about":[{"href":"https:\/\/aconteceunovale.com.br\/portal\/index.php?rest_route=\/wp\/v2\/types\/post"}],"author":[{"embeddable":true,"href":"https:\/\/aconteceunovale.com.br\/portal\/index.php?rest_route=\/wp\/v2\/users\/1"}],"replies":[{"embeddable":true,"href":"https:\/\/aconteceunovale.com.br\/portal\/index.php?rest_route=%2Fwp%2Fv2%2Fcomments&post=27833"}],"version-history":[{"count":0,"href":"https:\/\/aconteceunovale.com.br\/portal\/index.php?rest_route=\/wp\/v2\/posts\/27833\/revisions"}],"wp:featuredmedia":[{"embeddable":true,"href":"https:\/\/aconteceunovale.com.br\/portal\/index.php?rest_route=\/wp\/v2\/media\/27835"}],"wp:attachment":[{"href":"https:\/\/aconteceunovale.com.br\/portal\/index.php?rest_route=%2Fwp%2Fv2%2Fmedia&parent=27833"}],"wp:term":[{"taxonomy":"category","embeddable":true,"href":"https:\/\/aconteceunovale.com.br\/portal\/index.php?rest_route=%2Fwp%2Fv2%2Fcategories&post=27833"},{"taxonomy":"post_tag","embeddable":true,"href":"https:\/\/aconteceunovale.com.br\/portal\/index.php?rest_route=%2Fwp%2Fv2%2Ftags&post=27833"}],"curies":[{"name":"wp","href":"https:\/\/api.w.org\/{rel}","templated":true}]}}