{"id":27797,"date":"2014-05-03T12:33:40","date_gmt":"2014-05-03T15:33:40","guid":{"rendered":"http:\/\/aconteceunovale.com.br\/portal\/?p=27797"},"modified":"2014-05-03T12:33:40","modified_gmt":"2014-05-03T15:33:40","slug":"jovem-de-19-anos-e-morto-a-tiros-e-facadas-no-bairro-altinopolis-em-valadares","status":"publish","type":"post","link":"https:\/\/aconteceunovale.com.br\/portal\/?p=27797","title":{"rendered":"Jovem de 19 anos \u00e9 morto a tiros e facadas no Bairro Altin\u00f3polis em Valadares"},"content":{"rendered":"<p>Governador Valadares, no Leste de Minas Gerais, registrou mais um homic\u00eddio na madrugada deste s\u00e1bado, 03 de maio. Desta vez o crime aconteceu na Rua da Energia, no Bairro Altin\u00f3polis.<\/p>\n<p>De acordo com informa\u00e7\u00f5es da Pol\u00edcia Militar, a corpora\u00e7\u00e3o foi acionada via 190 por uma pessoa que informava o ocorrido. Uma guarni\u00e7\u00e3o foi deslocada at\u00e9 o local e deparou com o corpo do jovem Fernando Henrique Leal, de 19 anos, estirado em posi\u00e7\u00e3o oriental e com sangramentos. <\/p>\n<p>Ainda segundo a PM, Fernando Henrique Leal foi por tiros e golpes de faca. O jovem era conhecido na regi\u00e3o como \u201cFernandinho\u201d.<\/p>\n<p>A per\u00edcia da Pol\u00edcia Civil foi acionada e ap\u00f3s os procedimentos de praxe, o corpo foi encaminhado ao IML.<\/p>\n<p><img decoding=\"async\" src=\"http:\/\/aconteceunovale.com.br\/portal\/wp-content\/uploads\/2014\/05\/homicidio_altinopolis_03_05.jpg\" alt=\"\" \/><em>(Foto: Roberto Higino \/ Caso de Pol\u00edcia)<\/em><\/p>\n","protected":false},"excerpt":{"rendered":"<p>Governador Valadares, no Leste de Minas Gerais, registrou mais um homic\u00eddio na madrugada deste s\u00e1bado, 03 de maio. Desta vez o crime aconteceu na Rua da Energia, no Bairro Altin\u00f3polis. De acordo com informa\u00e7\u00f5es da Pol\u00edcia Militar, a corpora\u00e7\u00e3o foi acionada via 190 por uma pessoa que informava o ocorrido. Uma guarni\u00e7\u00e3o foi deslocada at\u00e9 [&hellip;]<\/p>\n","protected":false},"author":1,"featured_media":27798,"comment_status":"open","ping_status":"closed","sticky":false,"template":"","format":"standard","meta":{"amp_status":"","footnotes":""},"categories":[121],"tags":[1018,7171,247,7170,7169],"class_list":["post-27797","post","type-post","status-publish","format-standard","has-post-thumbnail","hentry","category-leste","tag-destaque","tag-fernando-henrique-leal","tag-governador-valadares","tag-homicidio-no-bairro-altinopolis","tag-jovem-de-19-anos-e-morto-a-tiros-e-facadas-no-bairro-altinopolis-em-valadares"],"_links":{"self":[{"href":"https:\/\/aconteceunovale.com.br\/portal\/index.php?rest_route=\/wp\/v2\/posts\/27797","targetHints":{"allow":["GET"]}}],"collection":[{"href":"https:\/\/aconteceunovale.com.br\/portal\/index.php?rest_route=\/wp\/v2\/posts"}],"about":[{"href":"https:\/\/aconteceunovale.com.br\/portal\/index.php?rest_route=\/wp\/v2\/types\/post"}],"author":[{"embeddable":true,"href":"https:\/\/aconteceunovale.com.br\/portal\/index.php?rest_route=\/wp\/v2\/users\/1"}],"replies":[{"embeddable":true,"href":"https:\/\/aconteceunovale.com.br\/portal\/index.php?rest_route=%2Fwp%2Fv2%2Fcomments&post=27797"}],"version-history":[{"count":0,"href":"https:\/\/aconteceunovale.com.br\/portal\/index.php?rest_route=\/wp\/v2\/posts\/27797\/revisions"}],"wp:featuredmedia":[{"embeddable":true,"href":"https:\/\/aconteceunovale.com.br\/portal\/index.php?rest_route=\/wp\/v2\/media\/27798"}],"wp:attachment":[{"href":"https:\/\/aconteceunovale.com.br\/portal\/index.php?rest_route=%2Fwp%2Fv2%2Fmedia&parent=27797"}],"wp:term":[{"taxonomy":"category","embeddable":true,"href":"https:\/\/aconteceunovale.com.br\/portal\/index.php?rest_route=%2Fwp%2Fv2%2Fcategories&post=27797"},{"taxonomy":"post_tag","embeddable":true,"href":"https:\/\/aconteceunovale.com.br\/portal\/index.php?rest_route=%2Fwp%2Fv2%2Ftags&post=27797"}],"curies":[{"name":"wp","href":"https:\/\/api.w.org\/{rel}","templated":true}]}}